{"id":950,"date":"2014-06-02T08:02:22","date_gmt":"2014-06-02T06:02:22","guid":{"rendered":"https:\/\/www.analisissintactico.com\/blog\/?p=950"},"modified":"2014-06-02T08:02:22","modified_gmt":"2014-06-02T06:02:22","slug":"vi-examen-de-sintaxis-oracion-compleja","status":"publish","type":"post","link":"https:\/\/www.analisissintactico.com\/blog\/2014\/06\/vi-examen-de-sintaxis-oracion-compleja\/","title":{"rendered":"VI Examen de Sintaxis. Oraci\u00f3n Compleja."},"content":{"rendered":"<p>Para preparar bien el final de curso, os hemos preparado un examen de Sintaxis con 10 oraciones complejas de un nivel de 3\u00ba-4\u00ba de la ESO. Esperamos que saqu\u00e9is buena nota todos.<\/p>\n<ol>\n<li>Localic\u00e9 aquella conocida frase de Cervantes donde nos dijo la profesora.<\/li>\n<li>Antes de que llegara la hora del recreo, todos los alumnos del colegio fueron evacuados por seguridad.<\/li>\n<li>Me han propuesto participar en una competici\u00f3n deportiva de Madrid.<\/li>\n<li>Tendr\u00e9 que ir r\u00e1pida en las clases restantes, pero prometo explicar todo con claridad.<\/li>\n<li>La farmacia est\u00e1 cerrada; acu\u00e9rdate de volver esta tarde.<\/li>\n<li>\u00bfRecuerdas aquella \u00e9poca, cuando tu abuelo te hablaba de sus batallas por las noches?.<\/li>\n<li>Se acerc\u00f3 sigilosa a la habitaci\u00f3n del fondo y descubri\u00f3 que en ella se encontraba el ba\u00fal desaparecido.<\/li>\n<li>La excursi\u00f3n de este a\u00f1o ser\u00e1 donde decida la mayor\u00eda de los alumnos por votaci\u00f3n.<\/li>\n<li>A\u00fan no s\u00e9 si la t\u00eda Gloria podr\u00e1 encargarse de los asuntos que comentamos ayer.<\/li>\n<li>Cervantes solo alcanz\u00f3 el \u00e9xito merecido tras haber publicado El Quijote, pero ya hab\u00eda muerto en ese momento.<\/li>\n<\/ol>\n<p>Os recordamos el m\u00e9todo de evaluaci\u00f3n:<\/p>\n<ul>\n<li>\u00a0\u00a0\u00a0\u00a0\u00a0\u00a0\u00a0 Si la oraci\u00f3n est\u00e1 completamente bien 1 punto<\/li>\n<li>\u00a0\u00a0\u00a0\u00a0\u00a0\u00a0\u00a0 Si existe alg\u00fan fallo en alg\u00fan complemento de menor importancia 0,25 puntos menos<\/li>\n<li>\u00a0\u00a0\u00a0\u00a0\u00a0\u00a0\u00a0 Si existe alg\u00fan fallo en alg\u00fan complemento como directo, indirecto, atributo, predicativo, etc\u2026 0,5 puntos menos<\/li>\n<li>\u00a0\u00a0\u00a0\u00a0\u00a0\u00a0\u00a0 Si existe alg\u00fan fallo al localizar el sujeto\/predicado o no se diferencia entre Predicado Nominal o Verbal, 0 puntos.<\/li>\n<li>\u00a0\u00a0\u00a0\u00a0\u00a0\u00a0\u00a0 Si existe alg\u00fan error al separar las proposiciones: 0 puntos.<\/li>\n<\/ul>\n<p>El mi\u00e9rcoles de esta semana comenzaremos a resolverlo.<\/p>\n<p>&nbsp;<\/p>\n<div id=\"stcpDiv\" style=\"position: absolute; top: -1999px; left: -1988px;\">\n<p>Os recordamos el m\u00e9todo de evaluaci\u00f3n:<\/p>\n<ul>\n<li>\u00a0\u00a0\u00a0 Si la oraci\u00f3n est\u00e1 completamente bien 1 punto<\/li>\n<li>\u00a0\u00a0\u00a0 Si existe alg\u00fan fallo en alg\u00fan complemento de menor importancia 0,25 puntos menos<\/li>\n<li>\u00a0\u00a0\u00a0 Si existe alg\u00fan fallo en alg\u00fan complemento como directo, indirecto, atributo, predicativo, etc\u2026 0,5 puntos menos<\/li>\n<li>\u00a0\u00a0\u00a0 Si existe alg\u00fan fallo al localizar el sujeto\/predicado o no se diferencia entre Predicado Nominal o Verbal, 0 puntos.<\/li>\n<li>\u00a0\u00a0\u00a0 Si existe alg\u00fan error al separar las proposiciones: 0 puntos.<\/li>\n<\/ul>\n<p>&#8211; See more at: https:\/\/www.analisissintactico.com\/blog\/2014\/05\/v-examen-de-sintaxis-subordinadas-adjetivas\/#sthash.5eMKih2r.dpuf<\/p>\n<\/div>\n","protected":false},"excerpt":{"rendered":"<p>Para preparar bien el final de curso, os hemos preparado un examen de Sintaxis con 10 oraciones complejas de un nivel de 3\u00ba-4\u00ba de la ESO. Esperamos que saqu\u00e9is buena nota todos. Localic\u00e9 aquella conocida frase de Cervantes donde nos dijo la profesora. Antes de que llegara la hora del recreo, todos los alumnos del&hellip;&nbsp;<a href=\"https:\/\/www.analisissintactico.com\/blog\/2014\/06\/vi-examen-de-sintaxis-oracion-compleja\/\" rel=\"bookmark\">Leer m\u00e1s &raquo;<span class=\"screen-reader-text\">VI Examen de Sintaxis. Oraci\u00f3n Compleja.<\/span><\/a><\/p>\n","protected":false},"author":1,"featured_media":0,"comment_status":"open","ping_status":"open","sticky":false,"template":"","format":"standard","meta":{"neve_meta_sidebar":"","neve_meta_container":"","neve_meta_enable_content_width":"","neve_meta_content_width":0,"neve_meta_title_alignment":"","neve_meta_author_avatar":"","neve_post_elements_order":"","neve_meta_disable_header":"","neve_meta_disable_footer":"","neve_meta_disable_title":"","footnotes":""},"categories":[4],"tags":[17,162,163],"class_list":["post-950","post","type-post","status-publish","format-standard","hentry","category-analisis-sintactico","tag-oracion-compleja","tag-subordinadas-adjetivas","tag-vi-examen-de-sintaxis"],"_links":{"self":[{"href":"https:\/\/www.analisissintactico.com\/blog\/wp-json\/wp\/v2\/posts\/950","targetHints":{"allow":["GET"]}}],"collection":[{"href":"https:\/\/www.analisissintactico.com\/blog\/wp-json\/wp\/v2\/posts"}],"about":[{"href":"https:\/\/www.analisissintactico.com\/blog\/wp-json\/wp\/v2\/types\/post"}],"author":[{"embeddable":true,"href":"https:\/\/www.analisissintactico.com\/blog\/wp-json\/wp\/v2\/users\/1"}],"replies":[{"embeddable":true,"href":"https:\/\/www.analisissintactico.com\/blog\/wp-json\/wp\/v2\/comments?post=950"}],"version-history":[{"count":0,"href":"https:\/\/www.analisissintactico.com\/blog\/wp-json\/wp\/v2\/posts\/950\/revisions"}],"wp:attachment":[{"href":"https:\/\/www.analisissintactico.com\/blog\/wp-json\/wp\/v2\/media?parent=950"}],"wp:term":[{"taxonomy":"category","embeddable":true,"href":"https:\/\/www.analisissintactico.com\/blog\/wp-json\/wp\/v2\/categories?post=950"},{"taxonomy":"post_tag","embeddable":true,"href":"https:\/\/www.analisissintactico.com\/blog\/wp-json\/wp\/v2\/tags?post=950"}],"curies":[{"name":"wp","href":"https:\/\/api.w.org\/{rel}","templated":true}]}}