{"id":734,"date":"2014-01-09T09:10:22","date_gmt":"2014-01-09T08:10:22","guid":{"rendered":"https:\/\/www.analisissintactico.com\/blog\/?p=734"},"modified":"2015-10-22T13:52:53","modified_gmt":"2015-10-22T11:52:53","slug":"componentes-basicos-sujeto-y-predicado-componentes-extraoracionales","status":"publish","type":"post","link":"https:\/\/www.analisissintactico.com\/blog\/2014\/01\/componentes-basicos-sujeto-y-predicado-componentes-extraoracionales\/","title":{"rendered":"Componentes b\u00e1sicos: Sujeto y Predicado. Componentes extraoracionales"},"content":{"rendered":"<h2>Introducci\u00f3n<\/h2>\n<p>Las palabras o grupos sint\u00e1cticos desempe\u00f1an distintas <strong>funciones<\/strong>, dependiendo de la posici\u00f3n que ocupen en la oraci\u00f3n y de la relaci\u00f3n que establezcan con el resto de palabras o grupos sint\u00e1cticos.<\/p>\n<p style=\"text-align: center;\"><span style=\"color: #ff0000;\"><em>Llegar\u00e1 el viernes.<\/em><\/span><\/p>\n<p style=\"text-align: left;\">Si prest\u00e1is atenci\u00f3n al ejemplo anterior, ver\u00e9is claramente que el grupo sint\u00e1ctico <em>el viernes<\/em> puede tener distintas funciones, seg\u00fan la relaci\u00f3n que guarda con los dem\u00e1s componentes de la oraci\u00f3n:<\/p>\n<p><iframe loading=\"lazy\" src=\"http:\/\/rcm-eu.amazon-adsystem.com\/e\/cm?t=analissintac-21&#038;o=30&#038;p=13&#038;l=ur1&#038;category=kindle&#038;banner=0S7AVK2Z1DR1Z8VHR7G2&#038;f=ifr\" width=\"468\" height=\"60\" scrolling=\"no\" border=\"0\" marginwidth=\"0\" style=\"border:none;\" frameborder=\"0\"><\/iframe><\/p>\n<ul>\n<li>Si <em>el viernes<\/em> designa a la entidad que llegar\u00e1, entonces su funci\u00f3n en la oraci\u00f3n es la de sujeto.<\/li>\n<li>Si <em>el viernes<\/em> indica la circunstancia temporal en la que cierta persona o cosa llegar\u00e1, entonces se trata de un complemento del verbo: un CCT (Complemento Circunstancial de Tiempo).<\/li>\n<\/ul>\n<p>Por eso, a la hora de empezar a explicar y trabajar la Sintaxis, debemos atender a las relaciones espec\u00edficamente sint\u00e1cticas, pero tambi\u00e9n a la Sem\u00e1ntica, es decir, a las interpretaciones que pueden adquirir las oraciones.<\/p>\n<p>Para conocer en qu\u00e9 consiste la oraci\u00f3n y cu\u00e1les son sus componentes, debemos empezar por entender los dos imprescindibles: el <strong>Sujeto<\/strong> y el <strong>Predicado<\/strong>.<\/p>\n<h2>Componentes b\u00e1sicos: Sujeto y Predicado<\/h2>\n<figure id=\"attachment_664\" aria-describedby=\"caption-attachment-664\" style=\"width: 277px\" class=\"wp-caption aligncenter\"><a href=\"https:\/\/www.analisissintactico.com\/blog\/wp-content\/uploads\/2013\/11\/arbol.png\"><img loading=\"lazy\" decoding=\"async\" class=\"size-full wp-image-664\" alt=\"Componentes de la Oraci\u00f3n\" src=\"https:\/\/www.analisissintactico.com\/blog\/wp-content\/uploads\/2013\/11\/arbol.png\" width=\"277\" height=\"248\" \/><\/a><figcaption id=\"caption-attachment-664\" class=\"wp-caption-text\">Componentes de la Oraci\u00f3n<\/figcaption><\/figure>\n<p>Como ya hemos dicho, los dos componentes b\u00e1sicos de la oraci\u00f3n son el Sujeto y el Predicado.<\/p>\n<p>El <strong>Sujeto<\/strong> puede designar, tanto una funci\u00f3n sint\u00e1ctica, como al elemento (palabra o grupo sint\u00e1ctico) que desempe\u00f1a esta funci\u00f3n.<\/p>\n<p>Para reconocer el sujeto de una oraci\u00f3n, es muy importante tener en cuenta algunos <strong>criterios sem\u00e1nticos<\/strong>. Tal y como se viene explicando tradicionalmente, el sujeto designa al elemento de la oraci\u00f3n que realiza (<em>agente<\/em>), padece<em> <\/em>(<em>paciente<\/em>), experimenta o causa la acci\u00f3n expresada en el Predicado.<\/p>\n<p style=\"text-align: center;\"><span style=\"color: #ff0000;\"><em>Juan hizo un buen pase.<\/em><\/span> &#8211;&gt; En este caso, <em>Juan<\/em> es el agente.<\/p>\n<p style=\"text-align: center;\"><span style=\"color: #ff0000;\"><em>El premio fue enviado por correo.<\/em><\/span> &#8211;&gt; Aqu\u00ed, <em>El premio<\/em> es el paciente.<\/p>\n<p style=\"text-align: center;\"><span style=\"color: #ff0000;\"><em>Ana ten\u00eda mucho calor.<\/em><\/span> &#8211;&gt; Ahora, <em>Ana<\/em> es el experimentante.<\/p>\n<p style=\"text-align: left;\">Por supuesto, en la Sintaxis, los criterios sem\u00e1nticos no son nunca suficientes, pero s\u00ed nos pueden ayudar. Junto a estos, deberemos seguir siempre unos criterios formales y m\u00e1s precisos para realizar unos an\u00e1lisis sint\u00e1cticos correctos. En el caso del Sujeto, existe una prueba formal inequ\u00edvoca para poder identificarlo: la <strong>prueba de la concordancia<\/strong>.<\/p>\n<p style=\"text-align: left;\">Sabemos que el sujeto de una oraci\u00f3n tiene que concordar con el n\u00facleo del predicado (el verbo); es decir, el n\u00famero y la persona gramatical que presente el sujeto debe coincidir con las del verbo.<\/p>\n<p style=\"text-align: center;\"><span style=\"color: #ff0000;\"><em>El gato dorm\u00eda pl\u00e1cidamente.<\/em><\/span> &#8211;&gt; Como vemos en este ejemplo,\u00a0el sujeto (<em>El gato<\/em>) concuerda con el verbo (<em>dorm\u00eda<\/em>), en persona y n\u00famero (3\u00aa persona del singular)<\/p>\n<p style=\"text-align: left;\">Al igual que el Sujeto, el <strong>Predicado<\/strong> tambi\u00e9n designa una funci\u00f3n sint\u00e1ctica y, a su vez, designa al grupo sint\u00e1ctico que desempe\u00f1a esta funci\u00f3n en la oraci\u00f3n.<\/p>\n<p style=\"text-align: left;\">La explicaci\u00f3n tradicional que se viene dando del Predicado, lo presenta como el elemento de la oraci\u00f3n cuyo contenido se atribuye al sujeto de esta; suele a\u00f1adirse, como informaci\u00f3n sem\u00e1ntica, que los predicados designan acciones, procesos, propiedades o estados en los que intervinen uno o varios participantes.<\/p>\n<p style=\"text-align: center;\"><span style=\"color: #ff0000;\"><em><span style=\"color: #000000;\">Ra\u00fal<\/span> lleg\u00f3 tarde a casa con su hermana.<\/em><\/span><\/p>\n<p style=\"text-align: left;\">El predicado anterior atribuye cierta informaci\u00f3n al sujeto (<em>Ra\u00fal)<\/em>; al mismo tiempo, designa una acci\u00f3n (<em>lleg\u00f3<\/em>) en la que interviene otro participante (<em>con su hermana<\/em>).<\/p>\n<p style=\"text-align: left;\">La identificaci\u00f3n del sujeto y el predicado es el primer paso para la realizaci\u00f3n de un buen an\u00e1lisis sint\u00e1ctico. Por ello, por sencillo que pueda parecer este punto, es fundamental para asimilar los pr\u00f3ximos contenidos.<\/p>\n<h2 style=\"text-align: left;\">Componentes extraoracionales<\/h2>\n<p>Los componentes extraoracionales (cuya funci\u00f3n sint\u00e1ctica asignada es la de <strong>complementos oracionales<\/strong>) son palabras o grupos de palabras, que no pertenecen ni al sujeto ni al predicado, y que complementan a la oraci\u00f3n en su conjunto.<\/p>\n<p>En cuanto a sus propiedades formales, los componentes extraoracionales son sintagmas adverbiales (SAdv) o preposicionales (SP), que aparecen separados del resto de la oraci\u00f3n mediante pausas. Estos pueden aparecer antepuestos a la oraci\u00f3n, pospuestos o intercalados entre sus componentes.<\/p>\n<p style=\"text-align: center;\"><em><span style=\"color: #ff0000;\">Afortunadamente<\/span>, no se ha producido ning\u00fan incidente.<\/em><\/p>\n<p style=\"text-align: center;\"><em>No se ha producido, <span style=\"color: #ff0000;\">afortunadamente<\/span>, ning\u00fan incidente.<\/em><\/p>\n<p style=\"text-align: center;\"><em>No se ha producido ning\u00fan incidente, <span style=\"color: #ff0000;\">afortunadamente<\/span>.<\/em><\/p>\n<p style=\"text-align: left;\">Desde el punto de vista sem\u00e1ntico, los complementos oracionales modifican o matizan el significado global de la oraci\u00f3n. Puede aportar distintos <strong>significados<\/strong>: puede especificar <strong><span style=\"color: #0000ff;\">el tema<\/span><\/strong> del que se habla (<em><span style=\"color: #ff0000;\">En cuanto a los beneficios<\/span>, estos han sido incrementados<\/em>); puede indicar <strong><span style=\"color: #0000ff;\">la modalidad<\/span> <\/strong>oracional (<em><span style=\"color: #ff0000;\">Sinceramente<\/span>, se trata de un grave error<\/em>); tambi\u00e9n puede a\u00f1adir <strong><span style=\"color: #0000ff;\">una opini\u00f3n<\/span><\/strong> subjetiva del emisor (<em><span style=\"color: #ff0000;\">Desgraciadamente<\/span>, no han podido ganar el partido<\/em>).<\/p>\n<h3 style=\"text-align: left;\">El vocativo<\/h3>\n<p>El vocativo es uno de los principales complementos oracionales. Se trata de un sintagma nominal (SN) cuyo contenido hace referencia al interlocutor y se usa con una funci\u00f3n apelativa, es decir, pretende llamar su atenci\u00f3n.<\/p>\n<p style=\"text-align: center;\"><em><span style=\"color: #ff0000;\">Rafa<span style=\"color: #000000;\">, ac\u00e9rcame la jarra del agua.<\/span><\/span><\/em><\/p>\n<p style=\"text-align: left;\">Es importante no confundir el vocativo con el sujeto de la oraci\u00f3n. Hay casos en los que el referente de ambos puede ser el mismo (como en el ejemplo anterior, en el que la 2\u00aa persona del singular que funciona como sujeto hace referencia tambi\u00e9n a <em>Rafa<\/em>); sin embargo, podemos ver otros ejemplos en los que no coinciden:<\/p>\n<p style=\"text-align: center;\"><span style=\"color: #ff0000;\"><em>\u00a1<\/em><em>Laura<\/em><\/span><span style=\"color: #ff0000;\"><em>, la puerta contin\u00faa abierta!<\/em><\/span><\/p>\n<p style=\"text-align: left;\">En este \u00faltimo ejemplo, <em>Laura<\/em> es el vocativo, pues es a quien se llama la atenci\u00f3n; en cambio, el sujeto de la oraci\u00f3n en este caso no coincide, pues es <em>la puerta<\/em>.<\/p>\n<p style=\"text-align: left;\">Con esto finalizamos la lecci\u00f3n de hoy, en la pr\u00f3xima nos centraremos en <a title=\"Caracter\u00edsticas y tipos de Sujeto\" href=\"https:\/\/www.analisissintactico.com\/blog\/2014\/02\/caracteristicas-y-tipos-de-sujeto\/\">el sujeto<\/a>.<\/p>\n<h5><a title=\"Curso de Sintaxis\" href=\"https:\/\/www.analisissintactico.com\/blog\/curso-de-sintaxis\/\">\u00cdndice del Curso de Sintaxis<\/a><\/h5>\n","protected":false},"excerpt":{"rendered":"<p>Introducci\u00f3n Las palabras o grupos sint\u00e1cticos desempe\u00f1an distintas funciones, dependiendo de la posici\u00f3n que ocupen en la oraci\u00f3n y de la relaci\u00f3n que establezcan con el resto de palabras o grupos sint\u00e1cticos. Llegar\u00e1 el viernes. Si prest\u00e1is atenci\u00f3n al ejemplo anterior, ver\u00e9is claramente que el grupo sint\u00e1ctico el viernes puede tener distintas funciones, seg\u00fan la&hellip;&nbsp;<a href=\"https:\/\/www.analisissintactico.com\/blog\/2014\/01\/componentes-basicos-sujeto-y-predicado-componentes-extraoracionales\/\" rel=\"bookmark\">Leer m\u00e1s &raquo;<span class=\"screen-reader-text\">Componentes b\u00e1sicos: Sujeto y Predicado. Componentes extraoracionales<\/span><\/a><\/p>\n","protected":false},"author":2,"featured_media":664,"comment_status":"open","ping_status":"open","sticky":false,"template":"","format":"standard","meta":{"neve_meta_sidebar":"","neve_meta_container":"","neve_meta_enable_content_width":"","neve_meta_content_width":0,"neve_meta_title_alignment":"","neve_meta_author_avatar":"","neve_post_elements_order":"","neve_meta_disable_header":"","neve_meta_disable_footer":"","neve_meta_disable_title":"","footnotes":""},"categories":[85],"tags":[117,116],"class_list":["post-734","post","type-post","status-publish","format-standard","has-post-thumbnail","hentry","category-curso-sintaxis","tag-predicado","tag-sujeto"],"_links":{"self":[{"href":"https:\/\/www.analisissintactico.com\/blog\/wp-json\/wp\/v2\/posts\/734","targetHints":{"allow":["GET"]}}],"collection":[{"href":"https:\/\/www.analisissintactico.com\/blog\/wp-json\/wp\/v2\/posts"}],"about":[{"href":"https:\/\/www.analisissintactico.com\/blog\/wp-json\/wp\/v2\/types\/post"}],"author":[{"embeddable":true,"href":"https:\/\/www.analisissintactico.com\/blog\/wp-json\/wp\/v2\/users\/2"}],"replies":[{"embeddable":true,"href":"https:\/\/www.analisissintactico.com\/blog\/wp-json\/wp\/v2\/comments?post=734"}],"version-history":[{"count":0,"href":"https:\/\/www.analisissintactico.com\/blog\/wp-json\/wp\/v2\/posts\/734\/revisions"}],"wp:featuredmedia":[{"embeddable":true,"href":"https:\/\/www.analisissintactico.com\/blog\/wp-json\/wp\/v2\/media\/664"}],"wp:attachment":[{"href":"https:\/\/www.analisissintactico.com\/blog\/wp-json\/wp\/v2\/media?parent=734"}],"wp:term":[{"taxonomy":"category","embeddable":true,"href":"https:\/\/www.analisissintactico.com\/blog\/wp-json\/wp\/v2\/categories?post=734"},{"taxonomy":"post_tag","embeddable":true,"href":"https:\/\/www.analisissintactico.com\/blog\/wp-json\/wp\/v2\/tags?post=734"}],"curies":[{"name":"wp","href":"https:\/\/api.w.org\/{rel}","templated":true}]}}