{"id":647,"date":"2013-11-25T11:55:38","date_gmt":"2013-11-25T10:55:38","guid":{"rendered":"https:\/\/www.analisissintactico.com\/blog\/?p=647"},"modified":"2014-03-04T19:55:42","modified_gmt":"2014-03-04T18:55:42","slug":"concepto-de-oracion","status":"publish","type":"post","link":"https:\/\/www.analisissintactico.com\/blog\/2013\/11\/concepto-de-oracion\/","title":{"rendered":"Concepto de oraci\u00f3n"},"content":{"rendered":"<h1>\u00bfQu\u00e9 es una oraci\u00f3n?<\/h1>\n<p>Las oraciones son <strong>unidades m\u00ednimas de predicaci\u00f3n<\/strong>; es decir, segmentos que ponen en relaci\u00f3n <strong>un sujeto y predicado<\/strong>.<\/p>\n<p>Esto no quiere decir que la oraci\u00f3n sea la unidad m\u00ednima de comunicaci\u00f3n. Como sab\u00e9is, hay otro tipo de <strong>enunciados<\/strong> (a los que suele conocerse con el nombre de \u00abfrases\u00bb), que tambi\u00e9n pueden ser comunicativos y, sin embargo, presentan una diferencia fundamental con respecto a las oraciones: <strong>carecen de predicado<\/strong>.<\/p>\n<p>&nbsp;<\/p>\n<figure id=\"attachment_650\" aria-describedby=\"caption-attachment-650\" style=\"width: 300px\" class=\"wp-caption aligncenter\"><a href=\"https:\/\/www.analisissintactico.com\/blog\/wp-content\/uploads\/2013\/11\/fraseyoracion.png\"><img loading=\"lazy\" decoding=\"async\" class=\"size-medium wp-image-650\" alt=\"Frase y oraci\u00f3n\" src=\"https:\/\/www.analisissintactico.com\/blog\/wp-content\/uploads\/2013\/11\/fraseyoracion-300x196.png\" width=\"300\" height=\"196\" srcset=\"https:\/\/www.analisissintactico.com\/blog\/wp-content\/uploads\/2013\/11\/fraseyoracion-300x196.png 300w, https:\/\/www.analisissintactico.com\/blog\/wp-content\/uploads\/2013\/11\/fraseyoracion.png 612w\" sizes=\"auto, (max-width: 300px) 100vw, 300px\" \/><\/a><figcaption id=\"caption-attachment-650\" class=\"wp-caption-text\">Frase y oraci\u00f3n<\/figcaption><\/figure>\n<p><strong><span style=\"color: #ff0000;\">\u00a0<\/span><\/strong><\/p>\n<p>Veamos unos ejemplos que ayudar\u00e1n a la comprensi\u00f3n de este concepto:<\/p>\n<p><span style=\"color: #999999;\"><span style=\"color: #000000;\"><em>\u00a1Socorro!<\/em><\/span> es un enunciado compuesto \u00fanicamente de un sustantivo, aqu\u00ed empleado como interjecci\u00f3n impropia. Esta frase es suficiente para transmitir informaci\u00f3n, luego se trata de una unidad comunicativa, pero no de una oraci\u00f3n.<\/span><\/p>\n<p><span style=\"color: #999999;\"><span style=\"color: #000000;\"><em>\u00a1Necesito ayuda!<\/em><\/span> es un tipo de enunciado oracional, pues transmite la misma informaci\u00f3n que el ejemplo anterior, pero en este caso tenemos un segmento compuesto de un sujeto y un predicado.<\/span><\/p>\n<h2>\u00a0Clasificaci\u00f3n de las oraciones<\/h2>\n<p>En las siguientes publicaciones del curso, iremos estudiando, detalladamente, cada uno de los elementos que forman parte de la oraci\u00f3n. Tambi\u00e9n se explicar\u00e1n las distintas clasificaciones que podemos hacer de las oraciones; pero, por el momento, vamos a hacer aqu\u00ed una breve introducci\u00f3n.<\/p>\n<ol>\n<li>Por la <strong>MODALIDAD<\/strong>. Una primera clasificaci\u00f3n de las oraciones puede hacerse atendiendo a la actitud del hablante; \u00e9ste puede pretender transmitir cierta informaci\u00f3n, hacer una pregunta, mostrar sorpresa, entusiasmo, obligaci\u00f3n&#8230;<\/li>\n<li>Por la <strong>NATURALEZA<\/strong> del Predicado. Veremos la importancia que tiene el tipo de verbo que se emplee en cada oraci\u00f3n, pues dar\u00e1 lugar a oraciones de distintos tipos: copulativas, transitivas, intransitivas, etc.<\/li>\n<li>Por la <strong>DEPENDENCIA o INDEPENDENCIA<\/strong> de las oraciones. Explicaremos la diferencia que existe entre las oraciones simples, totalmente independientes y compuestas de un \u00fanico predicado; y las oraciones compuestas y complejas, con m\u00e1s de un predicado, pero con relaciones de dependencia diferentes.<\/li>\n<\/ol>\n<p>Con esta introducci\u00f3n al concepto de oraci\u00f3n finalizamos la explicaci\u00f3n de hoy, en la siguiente publicaci\u00f3n hablaremos sobre del <a title=\"Componentes b\u00e1sicos: Sujeto y Predicado. Componentes extraoracionales\" href=\"https:\/\/www.analisissintactico.com\/blog\/2014\/01\/componentes-basicos-sujeto-y-predicado-componentes-extraoracionales\/\">sujeto, predicado y otros complementos extraoracionales<\/a>.<\/p>\n<h5><a title=\"Curso de Sintaxis\" href=\"https:\/\/www.analisissintactico.com\/blog\/curso-de-sintaxis\/\">\u00cdndice del Curso de Sintaxis<\/a><\/h5>\n<p>&nbsp;<\/p>\n<p>&nbsp;<\/p>\n","protected":false},"excerpt":{"rendered":"<p>\u00bfQu\u00e9 es una oraci\u00f3n? Las oraciones son unidades m\u00ednimas de predicaci\u00f3n; es decir, segmentos que ponen en relaci\u00f3n un sujeto y predicado. Esto no quiere decir que la oraci\u00f3n sea la unidad m\u00ednima de comunicaci\u00f3n. Como sab\u00e9is, hay otro tipo de enunciados (a los que suele conocerse con el nombre de \u00abfrases\u00bb), que tambi\u00e9n pueden&hellip;&nbsp;<a href=\"https:\/\/www.analisissintactico.com\/blog\/2013\/11\/concepto-de-oracion\/\" rel=\"bookmark\">Leer m\u00e1s &raquo;<span class=\"screen-reader-text\">Concepto de oraci\u00f3n<\/span><\/a><\/p>\n","protected":false},"author":2,"featured_media":650,"comment_status":"open","ping_status":"open","sticky":false,"template":"","format":"standard","meta":{"neve_meta_sidebar":"","neve_meta_container":"","neve_meta_enable_content_width":"","neve_meta_content_width":0,"neve_meta_title_alignment":"","neve_meta_author_avatar":"","neve_post_elements_order":"","neve_meta_disable_header":"","neve_meta_disable_footer":"","neve_meta_disable_title":"","footnotes":""},"categories":[85],"tags":[71,117,116],"class_list":["post-647","post","type-post","status-publish","format-standard","has-post-thumbnail","hentry","category-curso-sintaxis","tag-enunciado","tag-predicado","tag-sujeto"],"_links":{"self":[{"href":"https:\/\/www.analisissintactico.com\/blog\/wp-json\/wp\/v2\/posts\/647","targetHints":{"allow":["GET"]}}],"collection":[{"href":"https:\/\/www.analisissintactico.com\/blog\/wp-json\/wp\/v2\/posts"}],"about":[{"href":"https:\/\/www.analisissintactico.com\/blog\/wp-json\/wp\/v2\/types\/post"}],"author":[{"embeddable":true,"href":"https:\/\/www.analisissintactico.com\/blog\/wp-json\/wp\/v2\/users\/2"}],"replies":[{"embeddable":true,"href":"https:\/\/www.analisissintactico.com\/blog\/wp-json\/wp\/v2\/comments?post=647"}],"version-history":[{"count":0,"href":"https:\/\/www.analisissintactico.com\/blog\/wp-json\/wp\/v2\/posts\/647\/revisions"}],"wp:featuredmedia":[{"embeddable":true,"href":"https:\/\/www.analisissintactico.com\/blog\/wp-json\/wp\/v2\/media\/650"}],"wp:attachment":[{"href":"https:\/\/www.analisissintactico.com\/blog\/wp-json\/wp\/v2\/media?parent=647"}],"wp:term":[{"taxonomy":"category","embeddable":true,"href":"https:\/\/www.analisissintactico.com\/blog\/wp-json\/wp\/v2\/categories?post=647"},{"taxonomy":"post_tag","embeddable":true,"href":"https:\/\/www.analisissintactico.com\/blog\/wp-json\/wp\/v2\/tags?post=647"}],"curies":[{"name":"wp","href":"https:\/\/api.w.org\/{rel}","templated":true}]}}