{"id":441,"date":"2013-07-30T09:00:38","date_gmt":"2013-07-30T07:00:38","guid":{"rendered":"https:\/\/www.analisissintactico.com\/blog\/?p=441"},"modified":"2013-09-04T12:30:59","modified_gmt":"2013-09-04T10:30:59","slug":"v-practica-de-sintaxis-oracion-compleja-soluciones-1749","status":"publish","type":"post","link":"https:\/\/www.analisissintactico.com\/blog\/2013\/07\/v-practica-de-sintaxis-oracion-compleja-soluciones-1749\/","title":{"rendered":"V Pr\u00e1ctica de Sintaxis. Oraci\u00f3n compleja. Soluciones (17\/49)"},"content":{"rendered":"<p>Ya queda menos para despedir el mes de julio, pero a\u00fan nos quedan muchas oraciones por analizar de la <a title=\"V Pr\u00e1ctica de Sintaxis de Verano. Oraci\u00f3n compleja\" href=\"https:\/\/www.analisissintactico.com\/blog\/2013\/06\/v-practica-de-sintaxis-de-verano-oracion-compleja\/\"><strong>V Pr\u00e1ctica de Sintaxis<\/strong><\/a>.<\/p>\n<p>17. No digas que no te avis\u00e9 con tiempo.<\/p>\n<figure style=\"width: 434px\" class=\"wp-caption aligncenter\"><a href=\"https:\/\/www.analisissintactico.com\/ejemplos\/AnalisisSintactico\/OracionCompleja\/47.jpg\"><img loading=\"lazy\" decoding=\"async\" alt=\"Soluci\u00f3n 17\u00aa Oraci\u00f3n\" src=\"https:\/\/www.analisissintactico.com\/ejemplos\/AnalisisSintactico\/OracionCompleja\/47.jpg\" width=\"434\" height=\"265\" \/><\/a><figcaption class=\"wp-caption-text\">Soluci\u00f3n 17\u00aa Oraci\u00f3n<\/figcaption><\/figure>\n<p>Al igual que ayer, la oraci\u00f3n es muy breve, y el verbo decir nos pide un CD que viene en forma de proposici\u00f3n subordinada sustantiva.<\/p>\n<p>Pulsad en el enlace para un <a title=\"Soluci\u00f3n, 17\u00aa Oraci\u00f3n\" href=\"https:\/\/www.analisissintactico.com\/ejemplos\/AnalisisSintactico\/OracionCompleja\/47.htm\">an\u00e1lisis sint\u00e1ctico paso a paso<\/a>.<\/p>\n","protected":false},"excerpt":{"rendered":"<p>Ya queda menos para despedir el mes de julio, pero a\u00fan nos quedan muchas oraciones por analizar de la V Pr\u00e1ctica de Sintaxis. 17. No digas que no te avis\u00e9 con tiempo. Al igual que ayer, la oraci\u00f3n es muy breve, y el verbo decir nos pide un CD que viene en forma de proposici\u00f3n&hellip;&nbsp;<a href=\"https:\/\/www.analisissintactico.com\/blog\/2013\/07\/v-practica-de-sintaxis-oracion-compleja-soluciones-1749\/\" rel=\"bookmark\">Leer m\u00e1s &raquo;<span class=\"screen-reader-text\">V Pr\u00e1ctica de Sintaxis. Oraci\u00f3n compleja. Soluciones (17\/49)<\/span><\/a><\/p>\n","protected":false},"author":1,"featured_media":0,"comment_status":"open","ping_status":"open","sticky":false,"template":"","format":"standard","meta":{"neve_meta_sidebar":"","neve_meta_container":"","neve_meta_enable_content_width":"","neve_meta_content_width":0,"neve_meta_title_alignment":"","neve_meta_author_avatar":"","neve_post_elements_order":"","neve_meta_disable_header":"","neve_meta_disable_footer":"","neve_meta_disable_title":"","footnotes":""},"categories":[4],"tags":[17,10,84],"class_list":["post-441","post","type-post","status-publish","format-standard","hentry","category-analisis-sintactico","tag-oracion-compleja","tag-soluciones","tag-v-practica-de-sintaxis"],"_links":{"self":[{"href":"https:\/\/www.analisissintactico.com\/blog\/wp-json\/wp\/v2\/posts\/441","targetHints":{"allow":["GET"]}}],"collection":[{"href":"https:\/\/www.analisissintactico.com\/blog\/wp-json\/wp\/v2\/posts"}],"about":[{"href":"https:\/\/www.analisissintactico.com\/blog\/wp-json\/wp\/v2\/types\/post"}],"author":[{"embeddable":true,"href":"https:\/\/www.analisissintactico.com\/blog\/wp-json\/wp\/v2\/users\/1"}],"replies":[{"embeddable":true,"href":"https:\/\/www.analisissintactico.com\/blog\/wp-json\/wp\/v2\/comments?post=441"}],"version-history":[{"count":0,"href":"https:\/\/www.analisissintactico.com\/blog\/wp-json\/wp\/v2\/posts\/441\/revisions"}],"wp:attachment":[{"href":"https:\/\/www.analisissintactico.com\/blog\/wp-json\/wp\/v2\/media?parent=441"}],"wp:term":[{"taxonomy":"category","embeddable":true,"href":"https:\/\/www.analisissintactico.com\/blog\/wp-json\/wp\/v2\/categories?post=441"},{"taxonomy":"post_tag","embeddable":true,"href":"https:\/\/www.analisissintactico.com\/blog\/wp-json\/wp\/v2\/tags?post=441"}],"curies":[{"name":"wp","href":"https:\/\/api.w.org\/{rel}","templated":true}]}}