{"id":385,"date":"2013-06-25T06:57:47","date_gmt":"2013-06-25T04:57:47","guid":{"rendered":"https:\/\/www.analisissintactico.com\/blog\/?p=385"},"modified":"2013-06-21T12:08:27","modified_gmt":"2013-06-21T10:08:27","slug":"iv-practica-de-sintaxis-oracion-simple-soluciones-210","status":"publish","type":"post","link":"https:\/\/www.analisissintactico.com\/blog\/2013\/06\/iv-practica-de-sintaxis-oracion-simple-soluciones-210\/","title":{"rendered":"IV Pr\u00e1ctica de Sintaxis. Oraci\u00f3n simple. Soluciones (2\/10)"},"content":{"rendered":"<p>Continuamos con las soluciones a la <strong><a title=\"IV Pr\u00e1ctica de Sintaxis para el Verano. Oraci\u00f3n Simple\" href=\"https:\/\/www.analisissintactico.com\/blog\/2013\/06\/iv-practica-de-sintaxis-para-el-verano-oracion-simple\/\">IV Pr\u00e1ctica de Sintaxis<\/a> de Verano de Oraci\u00f3n simple<\/strong>. Esperamos que est\u00e9is disfrutando de las vacaciones.<\/p>\n<p>3. El d\u00eda ha amanecido muy nublado en toda la costa cant\u00e1brica.<\/p>\n<figure style=\"width: 713px\" class=\"wp-caption aligncenter\"><a href=\"https:\/\/www.analisissintactico.com\/ejemplos\/AnalisisSintactico\/OracionSimple\/75.jpg\"><img loading=\"lazy\" decoding=\"async\" alt=\"Soluci\u00f3n 3\u00aa Oraci\u00f3n\" src=\"https:\/\/www.analisissintactico.com\/ejemplos\/AnalisisSintactico\/OracionSimple\/75.jpg\" width=\"713\" height=\"265\" \/><\/a><figcaption class=\"wp-caption-text\">Soluci\u00f3n 3\u00aa Oraci\u00f3n<\/figcaption><\/figure>\n<p>Aunque amanecer suele indicar que la oraci\u00f3n es impersonal, al aparecer acompa\u00f1ado de \u00abel d\u00eda\u00bb, pierde esa impersonalidad.<\/p>\n<p>Para un an\u00e1lisis paso a paso de esta oraci\u00f3n pod\u00e9is consultar <a title=\"Soluci\u00f3n Sintaxis 3\u00aa Oraci\u00f3n\" href=\"https:\/\/www.analisissintactico.com\/ejemplos\/AnalisisSintactico\/OracionSimple\/75.htm\" target=\"_blank\">aqu\u00ed<\/a>.<\/p>\n<p>4. A ese cantante no le ha preocupado nunca la fama.<\/p>\n<figure style=\"width: 591px\" class=\"wp-caption aligncenter\"><a href=\"https:\/\/www.analisissintactico.com\/ejemplos\/AnalisisSintactico\/OracionSimple\/76.jpg\"><img loading=\"lazy\" decoding=\"async\" alt=\"Soluci\u00f3n 4\u00aa Oraci\u00f3n\" src=\"https:\/\/www.analisissintactico.com\/ejemplos\/AnalisisSintactico\/OracionSimple\/76.jpg\" width=\"591\" height=\"235\" \/><\/a><figcaption class=\"wp-caption-text\">Soluci\u00f3n 4\u00aa Oraci\u00f3n<\/figcaption><\/figure>\n<p>Aqu\u00ed podemos pensar que preocupar es un verbo transitivo, pero que pasa si decimos: Me preocupan los problemas. Efectivamente, la fama es el sujeto de esta oraci\u00f3n.<\/p>\n<p>Para un an\u00e1lisis paso a paso de esta oraci\u00f3n pod\u00e9is consultar <a title=\"Soluci\u00f3n Sintaxis 4\u00aa Oraci\u00f3n\" href=\"https:\/\/www.analisissintactico.com\/ejemplos\/AnalisisSintactico\/OracionSimple\/76.htm\" target=\"_blank\">aqu\u00ed<\/a>.<\/p>\n<p>&nbsp;<\/p>\n","protected":false},"excerpt":{"rendered":"<p>Continuamos con las soluciones a la IV Pr\u00e1ctica de Sintaxis de Verano de Oraci\u00f3n simple. Esperamos que est\u00e9is disfrutando de las vacaciones. 3. El d\u00eda ha amanecido muy nublado en toda la costa cant\u00e1brica. Aunque amanecer suele indicar que la oraci\u00f3n es impersonal, al aparecer acompa\u00f1ado de \u00abel d\u00eda\u00bb, pierde esa impersonalidad. Para un an\u00e1lisis&hellip;&nbsp;<a href=\"https:\/\/www.analisissintactico.com\/blog\/2013\/06\/iv-practica-de-sintaxis-oracion-simple-soluciones-210\/\" rel=\"bookmark\">Leer m\u00e1s &raquo;<span class=\"screen-reader-text\">IV Pr\u00e1ctica de Sintaxis. Oraci\u00f3n simple. Soluciones (2\/10)<\/span><\/a><\/p>\n","protected":false},"author":1,"featured_media":0,"comment_status":"open","ping_status":"open","sticky":false,"template":"","format":"standard","meta":{"neve_meta_sidebar":"","neve_meta_container":"","neve_meta_enable_content_width":"","neve_meta_content_width":0,"neve_meta_title_alignment":"","neve_meta_author_avatar":"","neve_post_elements_order":"","neve_meta_disable_header":"","neve_meta_disable_footer":"","neve_meta_disable_title":"","footnotes":""},"categories":[4],"tags":[83,9,10],"class_list":["post-385","post","type-post","status-publish","format-standard","hentry","category-analisis-sintactico","tag-iv-practica-de-sintaxis","tag-oracion-simple","tag-soluciones"],"_links":{"self":[{"href":"https:\/\/www.analisissintactico.com\/blog\/wp-json\/wp\/v2\/posts\/385","targetHints":{"allow":["GET"]}}],"collection":[{"href":"https:\/\/www.analisissintactico.com\/blog\/wp-json\/wp\/v2\/posts"}],"about":[{"href":"https:\/\/www.analisissintactico.com\/blog\/wp-json\/wp\/v2\/types\/post"}],"author":[{"embeddable":true,"href":"https:\/\/www.analisissintactico.com\/blog\/wp-json\/wp\/v2\/users\/1"}],"replies":[{"embeddable":true,"href":"https:\/\/www.analisissintactico.com\/blog\/wp-json\/wp\/v2\/comments?post=385"}],"version-history":[{"count":0,"href":"https:\/\/www.analisissintactico.com\/blog\/wp-json\/wp\/v2\/posts\/385\/revisions"}],"wp:attachment":[{"href":"https:\/\/www.analisissintactico.com\/blog\/wp-json\/wp\/v2\/media?parent=385"}],"wp:term":[{"taxonomy":"category","embeddable":true,"href":"https:\/\/www.analisissintactico.com\/blog\/wp-json\/wp\/v2\/categories?post=385"},{"taxonomy":"post_tag","embeddable":true,"href":"https:\/\/www.analisissintactico.com\/blog\/wp-json\/wp\/v2\/tags?post=385"}],"curies":[{"name":"wp","href":"https:\/\/api.w.org\/{rel}","templated":true}]}}