{"id":2987,"date":"2017-11-17T12:05:45","date_gmt":"2017-11-17T11:05:45","guid":{"rendered":"https:\/\/www.analisissintactico.com\/blog\/?p=2987"},"modified":"2017-11-03T12:48:15","modified_gmt":"2017-11-03T11:48:15","slug":"xxx-practica-de-sintaxis-jardiel-poncela-soluciones-47","status":"publish","type":"post","link":"https:\/\/www.analisissintactico.com\/blog\/2017\/11\/xxx-practica-de-sintaxis-jardiel-poncela-soluciones-47\/","title":{"rendered":"XXX Pr\u00e1ctica de Sintaxis. Jardiel Poncela. Soluciones 4\/7"},"content":{"rendered":"<p>Llegamos a la mitad de la publicaci\u00f3n de las soluciones de la <a href=\"https:\/\/www.analisissintactico.com\/blog\/2017\/11\/xxx-practica-de-sintaxis-jardiel-poncela\/\">XXX Pr\u00e1ctica de Sintaxis.<\/a><\/p>\n<p>7. La juventud es un defecto que se corrige con el tiempo.<\/p>\n<p><a href=\"https:\/\/www.analisissintactico.com\/ejemplos\/AnalisisSintactico\/OracionCompleja\/463.png\"><img loading=\"lazy\" decoding=\"async\" class=\"aligncenter size-full\" src=\"https:\/\/www.analisissintactico.com\/ejemplos\/AnalisisSintactico\/OracionCompleja\/463.png\" alt=\"Soluci\u00f3n 7\" width=\"641\" height=\"325\" \/><\/a>Soluci\u00f3n:<\/p>\n<ul>\n<li>Es una oraci\u00f3n compleja, copulativa y enunciativa.<\/li>\n<li>Dentro del atributo tenemos una subordinada adjetiva que complementa a \u00abdefecto\u00bb.<\/li>\n<li>El \u00abQue\u00bb ser\u00eda el sujeto paciente y el \u00abse\u00bb la marca de pasiva refleja.<\/li>\n<\/ul>\n<p>8. La medicina es el arte de acompa\u00f1ar al sepulcro con palabras griegas.<\/p>\n<p><a href=\"https:\/\/www.analisissintactico.com\/ejemplos\/AnalisisSintactico\/OracionCompleja\/464.png\"><img loading=\"lazy\" decoding=\"async\" class=\"aligncenter size-full\" src=\"https:\/\/www.analisissintactico.com\/ejemplos\/AnalisisSintactico\/OracionCompleja\/464.png\" alt=\"Soluci\u00f3n 8\" width=\"817\" height=\"355\" \/><\/a><\/p>\n<p>Soluci\u00f3n:<\/p>\n<ul>\n<li>Es una oraci\u00f3n compleja, copulativa y enunciativa.<\/li>\n<li>Dentro del atributo tenemos una subordinada adjetiva que complementa a \u00abarte\u00bb.<\/li>\n<\/ul>\n","protected":false},"excerpt":{"rendered":"<p>Llegamos a la mitad de la publicaci\u00f3n de las soluciones de la XXX Pr\u00e1ctica de Sintaxis. 7. La juventud es un defecto que se corrige con el tiempo. Soluci\u00f3n: Es una oraci\u00f3n compleja, copulativa y enunciativa. Dentro del atributo tenemos una subordinada adjetiva que complementa a \u00abdefecto\u00bb. El \u00abQue\u00bb ser\u00eda el sujeto paciente y el&hellip;&nbsp;<a href=\"https:\/\/www.analisissintactico.com\/blog\/2017\/11\/xxx-practica-de-sintaxis-jardiel-poncela-soluciones-47\/\" rel=\"bookmark\">Leer m\u00e1s &raquo;<span class=\"screen-reader-text\">XXX Pr\u00e1ctica de Sintaxis. Jardiel Poncela. Soluciones 4\/7<\/span><\/a><\/p>\n","protected":false},"author":1,"featured_media":4141,"comment_status":"open","ping_status":"open","sticky":false,"template":"","format":"standard","meta":{"neve_meta_sidebar":"","neve_meta_container":"","neve_meta_enable_content_width":"","neve_meta_content_width":0,"neve_meta_title_alignment":"","neve_meta_author_avatar":"","neve_post_elements_order":"","neve_meta_disable_header":"","neve_meta_disable_footer":"","neve_meta_disable_title":"","footnotes":""},"categories":[4],"tags":[431,8,430],"class_list":["post-2987","post","type-post","status-publish","format-standard","has-post-thumbnail","hentry","category-analisis-sintactico","tag-poncela","tag-sintaxis","tag-xxx-practica-de-sintaxis"],"_links":{"self":[{"href":"https:\/\/www.analisissintactico.com\/blog\/wp-json\/wp\/v2\/posts\/2987","targetHints":{"allow":["GET"]}}],"collection":[{"href":"https:\/\/www.analisissintactico.com\/blog\/wp-json\/wp\/v2\/posts"}],"about":[{"href":"https:\/\/www.analisissintactico.com\/blog\/wp-json\/wp\/v2\/types\/post"}],"author":[{"embeddable":true,"href":"https:\/\/www.analisissintactico.com\/blog\/wp-json\/wp\/v2\/users\/1"}],"replies":[{"embeddable":true,"href":"https:\/\/www.analisissintactico.com\/blog\/wp-json\/wp\/v2\/comments?post=2987"}],"version-history":[{"count":0,"href":"https:\/\/www.analisissintactico.com\/blog\/wp-json\/wp\/v2\/posts\/2987\/revisions"}],"wp:featuredmedia":[{"embeddable":true,"href":"https:\/\/www.analisissintactico.com\/blog\/wp-json\/wp\/v2\/media\/4141"}],"wp:attachment":[{"href":"https:\/\/www.analisissintactico.com\/blog\/wp-json\/wp\/v2\/media?parent=2987"}],"wp:term":[{"taxonomy":"category","embeddable":true,"href":"https:\/\/www.analisissintactico.com\/blog\/wp-json\/wp\/v2\/categories?post=2987"},{"taxonomy":"post_tag","embeddable":true,"href":"https:\/\/www.analisissintactico.com\/blog\/wp-json\/wp\/v2\/tags?post=2987"}],"curies":[{"name":"wp","href":"https:\/\/api.w.org\/{rel}","templated":true}]}}