{"id":2981,"date":"2017-11-13T11:14:59","date_gmt":"2017-11-13T10:14:59","guid":{"rendered":"https:\/\/www.analisissintactico.com\/blog\/?p=2981"},"modified":"2017-11-03T12:47:25","modified_gmt":"2017-11-03T11:47:25","slug":"xxx-practica-de-sintaxis-jardiel-poncela-soluciones-27","status":"publish","type":"post","link":"https:\/\/www.analisissintactico.com\/blog\/2017\/11\/xxx-practica-de-sintaxis-jardiel-poncela-soluciones-27\/","title":{"rendered":"XXX Pr\u00e1ctica de Sintaxis. Jardiel Poncela. Soluciones 2\/7"},"content":{"rendered":"<p>Continuamos resolviendo oraciones de la <a href=\"https:\/\/www.analisissintactico.com\/blog\/2017\/11\/xxx-practica-de-sintaxis-jardiel-poncela\/\">XXX Pr\u00e1ctica de Sintaxis<\/a> de Jardiel Poncela.<\/p>\n<p>3. Alguien ha dicho que la luna est\u00e1 tan p\u00e1lida porque hace exclusivamente vida de noche.<\/p>\n<p><a href=\"https:\/\/www.analisissintactico.com\/ejemplos\/AnalisisSintactico\/OracionCompleja\/460.png\"><img loading=\"lazy\" decoding=\"async\" class=\"aligncenter size-full\" src=\"https:\/\/www.analisissintactico.com\/ejemplos\/AnalisisSintactico\/OracionCompleja\/460.png\" alt=\"Soluci\u00f3n 3\" width=\"1011\" height=\"325\" \/><\/a><\/p>\n<p>Soluci\u00f3n:<\/p>\n<ul>\n<li>Es una oraci\u00f3n compleja, predicativa y transitiva. El \u00abque\u00bb nos introduce una subordinada sustantiva funcionando como CD.<\/li>\n<li>Dentro del CD tenemos un PN en el que hay una adverbial de causa.<\/li>\n<\/ul>\n<p>4. El amor es un punto de acuerdo entre un hombre y una mujer que est\u00e1n en desacuerdo en todo lo dem\u00e1s.<\/p>\n<p><a href=\"https:\/\/www.analisissintactico.com\/ejemplos\/AnalisisSintactico\/OracionCompleja\/461.png\"><img loading=\"lazy\" decoding=\"async\" class=\"aligncenter size-full\" src=\"https:\/\/www.analisissintactico.com\/ejemplos\/AnalisisSintactico\/OracionCompleja\/461.png\" alt=\"Soluci\u00f3n 4\" width=\"1206\" height=\"445\" \/><\/a>Soluci\u00f3n:<\/p>\n<ul>\n<li>Es una oraci\u00f3n compleja, copulativa, enunciativa.<\/li>\n<li>\u00abPunto de acuerdo\u00bb lo hemos analizado como locuci\u00f3n nominal, lo pod\u00e9is separar tambi\u00e9n.<\/li>\n<li>Tenemos una subordinada adjetiva que complementa a \u00abhombre y mujer\u00bb.<\/li>\n<\/ul>\n","protected":false},"excerpt":{"rendered":"<p>Continuamos resolviendo oraciones de la XXX Pr\u00e1ctica de Sintaxis de Jardiel Poncela. 3. Alguien ha dicho que la luna est\u00e1 tan p\u00e1lida porque hace exclusivamente vida de noche. Soluci\u00f3n: Es una oraci\u00f3n compleja, predicativa y transitiva. El \u00abque\u00bb nos introduce una subordinada sustantiva funcionando como CD. Dentro del CD tenemos un PN en el que&hellip;&nbsp;<a href=\"https:\/\/www.analisissintactico.com\/blog\/2017\/11\/xxx-practica-de-sintaxis-jardiel-poncela-soluciones-27\/\" rel=\"bookmark\">Leer m\u00e1s &raquo;<span class=\"screen-reader-text\">XXX Pr\u00e1ctica de Sintaxis. Jardiel Poncela. Soluciones 2\/7<\/span><\/a><\/p>\n","protected":false},"author":1,"featured_media":4139,"comment_status":"open","ping_status":"open","sticky":false,"template":"","format":"standard","meta":{"neve_meta_sidebar":"","neve_meta_container":"","neve_meta_enable_content_width":"","neve_meta_content_width":0,"neve_meta_title_alignment":"","neve_meta_author_avatar":"","neve_post_elements_order":"","neve_meta_disable_header":"","neve_meta_disable_footer":"","neve_meta_disable_title":"","footnotes":""},"categories":[4],"tags":[431,10,430],"class_list":["post-2981","post","type-post","status-publish","format-standard","has-post-thumbnail","hentry","category-analisis-sintactico","tag-poncela","tag-soluciones","tag-xxx-practica-de-sintaxis"],"_links":{"self":[{"href":"https:\/\/www.analisissintactico.com\/blog\/wp-json\/wp\/v2\/posts\/2981","targetHints":{"allow":["GET"]}}],"collection":[{"href":"https:\/\/www.analisissintactico.com\/blog\/wp-json\/wp\/v2\/posts"}],"about":[{"href":"https:\/\/www.analisissintactico.com\/blog\/wp-json\/wp\/v2\/types\/post"}],"author":[{"embeddable":true,"href":"https:\/\/www.analisissintactico.com\/blog\/wp-json\/wp\/v2\/users\/1"}],"replies":[{"embeddable":true,"href":"https:\/\/www.analisissintactico.com\/blog\/wp-json\/wp\/v2\/comments?post=2981"}],"version-history":[{"count":0,"href":"https:\/\/www.analisissintactico.com\/blog\/wp-json\/wp\/v2\/posts\/2981\/revisions"}],"wp:featuredmedia":[{"embeddable":true,"href":"https:\/\/www.analisissintactico.com\/blog\/wp-json\/wp\/v2\/media\/4139"}],"wp:attachment":[{"href":"https:\/\/www.analisissintactico.com\/blog\/wp-json\/wp\/v2\/media?parent=2981"}],"wp:term":[{"taxonomy":"category","embeddable":true,"href":"https:\/\/www.analisissintactico.com\/blog\/wp-json\/wp\/v2\/categories?post=2981"},{"taxonomy":"post_tag","embeddable":true,"href":"https:\/\/www.analisissintactico.com\/blog\/wp-json\/wp\/v2\/tags?post=2981"}],"curies":[{"name":"wp","href":"https:\/\/api.w.org\/{rel}","templated":true}]}}