{"id":2978,"date":"2017-11-08T11:06:00","date_gmt":"2017-11-08T10:06:00","guid":{"rendered":"https:\/\/www.analisissintactico.com\/blog\/?p=2978"},"modified":"2017-11-03T12:46:54","modified_gmt":"2017-11-03T11:46:54","slug":"xxx-practica-de-sintaxis-jardiel-poncela-soluciones-17","status":"publish","type":"post","link":"https:\/\/www.analisissintactico.com\/blog\/2017\/11\/xxx-practica-de-sintaxis-jardiel-poncela-soluciones-17\/","title":{"rendered":"XXX Pr\u00e1ctica de Sintaxis. Jardiel Poncela. Soluciones 1\/7"},"content":{"rendered":"<p>Comenzamos a resolver la <a href=\"https:\/\/www.analisissintactico.com\/blog\/2017\/11\/xxx-practica-de-sintaxis-jardiel-poncela\/\">XXX Pr\u00e1ctica de Sintaxis de Jardiel Poncela<\/a>.<\/p>\n<p>1. El espiritismo se invent\u00f3 para que los m\u00e9dicos pudieran hablar con su clientela.<\/p>\n<p><a href=\"https:\/\/www.analisissintactico.com\/ejemplos\/AnalisisSintactico\/OracionCompleja\/458.png\"><img loading=\"lazy\" decoding=\"async\" class=\"aligncenter size-full\" src=\"https:\/\/www.analisissintactico.com\/ejemplos\/AnalisisSintactico\/OracionCompleja\/458.png\" alt=\"Soluci\u00f3n 1\" width=\"914\" height=\"295\" \/><\/a><\/p>\n<p>Soluci\u00f3n:<\/p>\n<ul>\n<li>Es una oraci\u00f3n compleja, pasiva refleja, por tanto el \u00abse\u00bb lo analizamos como marca de pasiva refleja.<\/li>\n<li>Dentro del predicado tenemos una subordinada adverbial de finalidad. \u00abCon su clientela\u00bb lo hemos analizado como compa\u00f1\u00eda, ya que consideramos que el de R\u00e9gimen ir\u00eda introducido por \u00abde\u00bb. Hablar de algo con alguien. Pero si lo hab\u00e9is puesto de R\u00e9gimen tampoco estar\u00eda mal.<\/li>\n<\/ul>\n<p>2. Al hombre le falta la experiencia que le sobra a la mujer.<\/p>\n<p><a href=\"https:\/\/www.analisissintactico.com\/ejemplos\/AnalisisSintactico\/OracionCompleja\/459.png\"><img loading=\"lazy\" decoding=\"async\" class=\"aligncenter size-full\" src=\"https:\/\/www.analisissintactico.com\/ejemplos\/AnalisisSintactico\/OracionCompleja\/459.png\" alt=\"Soluci\u00f3n 2\" width=\"648\" height=\"295\" \/><\/a><\/p>\n<p>Soluci\u00f3n:<\/p>\n<ul>\n<li>Es una oraci\u00f3n compleja, predicativa e intransitiva.<\/li>\n<li>El sujeto es \u00abla experiencia&#8230;\u00bb -&gt; le faltan las experiencias.<\/li>\n<li>Dentro del sujeto tenemos una subordinada adjetiva que complementa a \u00abexperiencia\u00bb.<\/li>\n<\/ul>\n","protected":false},"excerpt":{"rendered":"<p>Comenzamos a resolver la XXX Pr\u00e1ctica de Sintaxis de Jardiel Poncela. 1. El espiritismo se invent\u00f3 para que los m\u00e9dicos pudieran hablar con su clientela. Soluci\u00f3n: Es una oraci\u00f3n compleja, pasiva refleja, por tanto el \u00abse\u00bb lo analizamos como marca de pasiva refleja. Dentro del predicado tenemos una subordinada adverbial de finalidad. \u00abCon su clientela\u00bb&hellip;&nbsp;<a href=\"https:\/\/www.analisissintactico.com\/blog\/2017\/11\/xxx-practica-de-sintaxis-jardiel-poncela-soluciones-17\/\" rel=\"bookmark\">Leer m\u00e1s &raquo;<span class=\"screen-reader-text\">XXX Pr\u00e1ctica de Sintaxis. Jardiel Poncela. Soluciones 1\/7<\/span><\/a><\/p>\n","protected":false},"author":1,"featured_media":4138,"comment_status":"open","ping_status":"open","sticky":false,"template":"","format":"standard","meta":{"neve_meta_sidebar":"","neve_meta_container":"","neve_meta_enable_content_width":"","neve_meta_content_width":0,"neve_meta_title_alignment":"","neve_meta_author_avatar":"","neve_post_elements_order":"","neve_meta_disable_header":"","neve_meta_disable_footer":"","neve_meta_disable_title":"","footnotes":""},"categories":[4],"tags":[431,10,430],"class_list":["post-2978","post","type-post","status-publish","format-standard","has-post-thumbnail","hentry","category-analisis-sintactico","tag-poncela","tag-soluciones","tag-xxx-practica-de-sintaxis"],"_links":{"self":[{"href":"https:\/\/www.analisissintactico.com\/blog\/wp-json\/wp\/v2\/posts\/2978","targetHints":{"allow":["GET"]}}],"collection":[{"href":"https:\/\/www.analisissintactico.com\/blog\/wp-json\/wp\/v2\/posts"}],"about":[{"href":"https:\/\/www.analisissintactico.com\/blog\/wp-json\/wp\/v2\/types\/post"}],"author":[{"embeddable":true,"href":"https:\/\/www.analisissintactico.com\/blog\/wp-json\/wp\/v2\/users\/1"}],"replies":[{"embeddable":true,"href":"https:\/\/www.analisissintactico.com\/blog\/wp-json\/wp\/v2\/comments?post=2978"}],"version-history":[{"count":0,"href":"https:\/\/www.analisissintactico.com\/blog\/wp-json\/wp\/v2\/posts\/2978\/revisions"}],"wp:featuredmedia":[{"embeddable":true,"href":"https:\/\/www.analisissintactico.com\/blog\/wp-json\/wp\/v2\/media\/4138"}],"wp:attachment":[{"href":"https:\/\/www.analisissintactico.com\/blog\/wp-json\/wp\/v2\/media?parent=2978"}],"wp:term":[{"taxonomy":"category","embeddable":true,"href":"https:\/\/www.analisissintactico.com\/blog\/wp-json\/wp\/v2\/categories?post=2978"},{"taxonomy":"post_tag","embeddable":true,"href":"https:\/\/www.analisissintactico.com\/blog\/wp-json\/wp\/v2\/tags?post=2978"}],"curies":[{"name":"wp","href":"https:\/\/api.w.org\/{rel}","templated":true}]}}