{"id":2188,"date":"2016-02-19T09:06:48","date_gmt":"2016-02-19T08:06:48","guid":{"rendered":"https:\/\/www.analisissintactico.com\/blog\/?p=2188"},"modified":"2016-03-10T13:23:18","modified_gmt":"2016-03-10T12:23:18","slug":"la-sintaxis-de-rajoy","status":"publish","type":"post","link":"https:\/\/www.analisissintactico.com\/blog\/2016\/02\/la-sintaxis-de-rajoy\/","title":{"rendered":"La Sintaxis de Rajoy"},"content":{"rendered":"<p>Siempre se ha dicho que Rajoy es muy buen parlamentario y que en sus intervenciones en el Congreso se mueve como pez en el agua. Sin embargo, fuera de \u00e9l, nos ha dejado una lista de frases dignas de enmarcar. Hoy seleccionamos 14 de ellas para analizarlas sint\u00e1cticamente y ver que, aunque la mayor\u00eda de ellas presentan falta de coherencia, cohesi\u00f3n o adecuaci\u00f3n, todas son gramaticalmente impecables.<\/p>\n<p>Por si no conoc\u00e9is estos conceptos, les damos un repaso r\u00e1pidamente:<\/p>\n<ul>\n<li><strong>Adecuaci\u00f3n: <\/strong> es el nivel de respeto de las normas sociales, personales, ling\u00fc\u00edsticas y de situaci\u00f3n.<\/li>\n<li><strong>Coherencia:<\/strong> es lo que nos permite comprender un texto como una unidad sem\u00e1ntica unitaria.<\/li>\n<li><strong>Cohesi\u00f3n: <\/strong>es una forma en la que se manifiesta la coherencia. Es la integraci\u00f3n de recursos ling\u00fcisticos sobre los que se apoya la comunicaci\u00f3n.<\/li>\n<\/ul>\n<p>Ya sab\u00e9is que siempre nos gusta innovar un poco proponiendo pr\u00e1cticas de sintaxis. Empezamos con frases sueltas, luego pasamos a frases extra\u00eddas de libros y las \u00faltimas han tratado de frases sacadas de la prensa del d\u00eda. Pero el otro d\u00eda nos citaron en nuestra cuenta de <a href=\"https:\/\/twitter.com\/edas_sintaxis\">Twitter<\/a> en este tuit:<\/p>\n<p><a href=\"https:\/\/pbs.twimg.com\/media\/Ca1l9KLWIAAgvxp.jpg\"><img loading=\"lazy\" decoding=\"async\" class=\"aligncenter\" src=\"https:\/\/pbs.twimg.com\/media\/Ca1l9KLWIAAgvxp.jpg\" alt=\"\" width=\"480\" height=\"361\" \/><\/a>Y tras ver esta frase del Ayuntamiento de Valladolid del PP, la cual no hay por donde cogerla, pensamos&#8230;pr\u00f3xima pr\u00e1ctica de Sintaxis: \u00a1Las frases m\u00e1s famosas de Rajoy!<\/p>\n<p>Esta vez en vez de daros el listado de frases e irla resolviendo en los pr\u00f3ximos d\u00edas, la vamos a resolver del tir\u00f3n en <a href=\"https:\/\/www.analisissintactico.com\/edas\/\">EdAS<\/a>.<\/p>\n<p><a href=\"http:\/\/www.amazon.es\/gp\/product\/1514757265\/ref=as_li_ss_tl?ie=UTF8&amp;camp=3626&amp;creative=24822&amp;creativeASIN=1514757265&amp;linkCode=as2&amp;tag=analissintac-21\"><img loading=\"lazy\" decoding=\"async\" class=\"aligncenter wp-image-2102 size-full\" title=\"Curso de sintaxis\" src=\"https:\/\/www.analisissintactico.com\/blog\/wp-content\/uploads\/2013\/08\/cover_web.png\" alt=\"libro curso de sintaxis\" width=\"274\" height=\"371\" srcset=\"https:\/\/www.analisissintactico.com\/blog\/wp-content\/uploads\/2013\/08\/cover_web.png 274w, https:\/\/www.analisissintactico.com\/blog\/wp-content\/uploads\/2013\/08\/cover_web-222x300.png 222w\" sizes=\"auto, (max-width: 274px) 100vw, 274px\" \/><\/a><\/p>\n<p>1. Es el vecino el que elige al alcalde y es el alcalde el que quiere que sean los vecinos el alcalde. <em>(Est\u00e1 claro, \u00bfno? Este es el perfecto ejemplo de incoherencia textual pero oraci\u00f3n gramaticalmente correcta)<\/em><br \/>\n2. Espa\u00f1a es una gran naci\u00f3n y los espa\u00f1oles muy espa\u00f1oles y mucho espa\u00f1oles. <em>(100% espa\u00f1ol)<\/em><br \/>\n3. Le dedico al ingl\u00e9s tres horas a la semana y luego voy por ah\u00ed practicando en coches y aviones.<br \/>\n<em>(Luego nos extra\u00f1a que le dijera a Cameron \u00abIt\u2019s very difficult\u2026todo esto.\u00bb)<\/em><br \/>\n4. ETA es una gran naci\u00f3n; Espa\u00f1a, perd\u00f3n, es una gran naci\u00f3n.<em> (uy estos lapsus)<\/em><br \/>\n5. Para m\u00ed, ser presidente del pa\u00eds es la pera. <em>(Creo que el resto no opina lo mismo.)<\/em><br \/>\n6. Exportar es positivo porque vendes lo que produces. <em>(Econom\u00eda b\u00e1sica)<\/em><br \/>\n7. Quien me ha impedido cumplir mi programa electoral es la realidad. <em>(\u00a1Vaya hombre!)<\/em><br \/>\n8. Las medidas que tomamos hacen da\u00f1o a la gente, pero son imprescindibles. <em>(El fin justifica los medios)<\/em><br \/>\n9. Cada ma\u00f1ana para desayunar me como un kiwi. <em>(Y luego al ba\u00f1o)<\/em><br \/>\n10. Espa\u00f1a es un gran pa\u00eds que hace cosas importantes y tiene espa\u00f1oles.<em> (Para qu\u00e9 queremos m\u00e1s)<\/em><br \/>\n11. Todo lo que se ha publicado es falso, salvo alguna cosa.<em> (Estos periodistas mentirosos&#8230;)<\/em><br \/>\n12. Si uno es ingeniero o futbolista, se le abren todas las puertas del mundo. <em>(Ya sab\u00e9is ni\u00f1os, qu\u00e9 hacer con vuestro futuro)<\/em><br \/>\n13. Yo prefiero no subir el IVA en 2013 pero tambi\u00e9n le digo que si en ese momento es bueno subir el IVA lo har\u00e9.<em> (Y eso que a ZP le dec\u00eda: \u00ab\u00a1Va a subir el IVA de las chuches!\u00bb)<\/em><br \/>\n14. Me ha pasado una cosa verdaderamente notable. Lo he escrito aqu\u00ed y no entiendo mi letra. <em>(Bueno, no pasa nada, seguro que era alguna tonter\u00eda)<\/em><\/p>\n<p>Quedan fuera de categor\u00eda por no ser oraciones enteras o no implicar mucha dificultad su an\u00e1lisis:<br \/>\n&#8211; \u00bfY la europea?<br \/>\n&#8211; la segunda ya tal<br \/>\n&#8211; Un vaso es un vaso y un plato es un plato.<br \/>\n&#8211; Valencia siempre fue Valencia<br \/>\n&#8211; Porque despu\u00e9s del a\u00f1o 14 viene el a\u00f1o 15<br \/>\n&#8211; La EPA de ma\u00f1ana ser\u00e1 la que conoceremos ma\u00f1ana<br \/>\n&#8211; Lo serio es ser serio<br \/>\nLo m\u00e1s sorprendente de todo, es que aunque absurdas, todas ellas son gramaticalmente correctas.<\/p>\n<p>Pasamos a las soluciones:<\/p>\n<ol>\n<li><a href=\"https:\/\/www.analisissintactico.com\/ejemplos\/AnalisisSintactico\/OracionCompleja\/234.png\"><img loading=\"lazy\" decoding=\"async\" class=\"aligncenter\" src=\"https:\/\/www.analisissintactico.com\/ejemplos\/AnalisisSintactico\/OracionCompleja\/234.png\" alt=\"Rajoy - Oraci\u00f3n 1\" width=\"1072\" height=\"355\" \/><\/a>Tenemos una oraci\u00f3n compuesta por coordinaci\u00f3n copulativa que une dos proposiciones que son oraciones complejas. Ambas son copulativas y tienen la misma estructura de Sujeto + verbo copulativo + atributo. Solo se\u00f1alar, que en el atributo de la segunda tenemos adem\u00e1s una proposici\u00f3n subordinada sustantiva en funci\u00f3n de CD.<\/li>\n<li><a href=\"https:\/\/www.analisissintactico.com\/ejemplos\/AnalisisSintactico\/OracionCompuesta\/56.png\"><img loading=\"lazy\" decoding=\"async\" class=\"aligncenter\" src=\"https:\/\/www.analisissintactico.com\/ejemplos\/AnalisisSintactico\/OracionCompuesta\/56.png\" alt=\"Rajoy - Soluci\u00f3n 2\" width=\"972\" height=\"235\" \/><\/a>La oraci\u00f3n sem\u00e1nticamente no nos aporta mucho y sint\u00e1cticamente no entra\u00f1a mucha dificultad. Nuevamente tenemos una oraci\u00f3n compuesta coordinada copulativa que une dos proposiciones copulativas. En la segunda proposici\u00f3n, el verbo \u00abser\u00bb est\u00e1 omitido pero lo incluimos en el an\u00e1lisis.<\/li>\n<li><a href=\"https:\/\/www.analisissintactico.com\/ejemplos\/AnalisisSintactico\/OracionCompleja\/235.png\"><img loading=\"lazy\" decoding=\"async\" class=\"aligncenter\" src=\"https:\/\/www.analisissintactico.com\/ejemplos\/AnalisisSintactico\/OracionCompleja\/235.png\" alt=\"Rajoy - Soluci\u00f3n 3\" width=\"1077\" height=\"325\" \/><\/a>Tenemos una oraci\u00f3n compuesta por coordinaci\u00f3n copulativa. P1 es una oraci\u00f3n simple, en la que \u00abdedicar\u00bb, verbo transitivo, lleva CD y adem\u00e1s 2 CI. En P2 pod\u00e9is dudar si \u00abir + gerundio\u00bb es per\u00edfrasis. Nosotros lo vemos como una oraci\u00f3n adverbial de modo.<\/li>\n<li><a href=\"https:\/\/www.analisissintactico.com\/ejemplos\/AnalisisSintactico\/OracionCompuesta\/57.png\"><img loading=\"lazy\" decoding=\"async\" class=\"aligncenter\" src=\"https:\/\/www.analisissintactico.com\/ejemplos\/AnalisisSintactico\/OracionCompuesta\/57.png\" alt=\"Rajoy Soluci\u00f3n 4\" width=\"711\" height=\"235\" \/><\/a>Otra oraci\u00f3n con la misma estructura que otras anteriores as\u00ed que no nos detenemos en ella. Solo el \u00abperd\u00f3n\u00bb que es un Complemento Oracional y menos habitual.<\/li>\n<li><a href=\"https:\/\/www.analisissintactico.com\/ejemplos\/AnalisisSintactico\/OracionCompleja\/236.png\"><img loading=\"lazy\" decoding=\"async\" class=\"aligncenter\" src=\"https:\/\/www.analisissintactico.com\/ejemplos\/AnalisisSintactico\/OracionCompleja\/236.png\" alt=\"Rajoy Soluci\u00f3n 5\" width=\"495\" height=\"295\" \/><\/a>Nuevamente tenemos un Complemento Oracional. Luego tenemos la estructura Sujeto + verbo copulativo + Atributo. El sujeto es una proposici\u00f3n subordinada sustantiva.<\/li>\n<li><a href=\"https:\/\/www.analisissintactico.com\/ejemplos\/AnalisisSintactico\/OracionCompleja\/237.png\"><img loading=\"lazy\" decoding=\"async\" class=\"aligncenter\" src=\"https:\/\/www.analisissintactico.com\/ejemplos\/AnalisisSintactico\/OracionCompleja\/237.png\" alt=\"Rajoy Soluci\u00f3n 6\" width=\"613\" height=\"295\" \/><\/a>Parecida en estructura a la oraci\u00f3n anterior, pero le a\u00f1adimos una subordinada adverbial de causa.<\/li>\n<li><a href=\"https:\/\/www.analisissintactico.com\/ejemplos\/AnalisisSintactico\/OracionCompleja\/238.png\"><img loading=\"lazy\" decoding=\"async\" class=\"aligncenter\" src=\"https:\/\/www.analisissintactico.com\/ejemplos\/AnalisisSintactico\/OracionCompleja\/238.png\" alt=\"Rajoy Soluci\u00f3n 7\" width=\"783\" height=\"295\" \/><\/a>De nuevo la estructura Sujeto (prop. sub. adj. sust) + verbo ser + atributo.<\/li>\n<li><a href=\"https:\/\/www.analisissintactico.com\/ejemplos\/AnalisisSintactico\/OracionCompleja\/239.png\"><img loading=\"lazy\" decoding=\"async\" class=\"aligncenter\" src=\"https:\/\/www.analisissintactico.com\/ejemplos\/AnalisisSintactico\/OracionCompleja\/239.png\" alt=\"Rajoy Soluci\u00f3n 8\" width=\"881\" height=\"265\" \/><\/a>Tenemos una oraci\u00f3n compuesta adversativa. P2 es simple copulativa -&gt; Sujeto omitido + verbo ser + atributo. P1 es una oraci\u00f3n compleja ya que tiene una adjetiva.<\/li>\n<li><a href=\"https:\/\/www.analisissintactico.com\/ejemplos\/AnalisisSintactico\/OracionCompleja\/240.png\"><img loading=\"lazy\" decoding=\"async\" class=\"aligncenter\" src=\"https:\/\/www.analisissintactico.com\/ejemplos\/AnalisisSintactico\/OracionCompleja\/240.png\" alt=\"Rajoy Soluci\u00f3n 9\" width=\"563\" height=\"235\" \/><\/a>Cosas a se\u00f1alar: el \u00abme\u00bb como dativo \u00e9tico (se podr\u00eda suprimir y conservar el mismo significado) y el \u00abpara desayunar\u00bb como subordinada adverbial de finalidad.<\/li>\n<li><a href=\"https:\/\/www.analisissintactico.com\/ejemplos\/AnalisisSintactico\/OracionCompleja\/241.png\"><img loading=\"lazy\" decoding=\"async\" class=\"aligncenter\" src=\"https:\/\/www.analisissintactico.com\/ejemplos\/AnalisisSintactico\/OracionCompleja\/241.png\" alt=\"Rajoy Soluci\u00f3n 10\" width=\"814\" height=\"325\" \/><\/a>Oraci\u00f3n compuesta coordinada copulativa que une una oraci\u00f3n comple con una simple. P1 es una oraci\u00f3n copulativa que tiene una adjetiva dentro del atributo.<\/li>\n<li><a href=\"https:\/\/www.analisissintactico.com\/ejemplos\/AnalisisSintactico\/OracionCompleja\/242.png\"><img loading=\"lazy\" decoding=\"async\" class=\"aligncenter\" src=\"https:\/\/www.analisissintactico.com\/ejemplos\/AnalisisSintactico\/OracionCompleja\/242.png\" alt=\"Rajoy Soluci\u00f3n 11\" width=\"647\" height=\"235\" \/><\/a>El \u00absalvo alguna cosa\u00bb puede tener un an\u00e1lisis diferente y m\u00e1s complejo, pero para este nivel nos basta con se\u00f1alarlo como C. Oracional.\u00a0 Por lo dem\u00e1s tenemos una estructura de Sujeto + verbo copulativo + atributo en la que dentro del sujeto tenemos una adjetiva.<\/li>\n<li><a href=\"https:\/\/www.analisissintactico.com\/ejemplos\/AnalisisSintactico\/OracionCompleja\/243.png\"><img loading=\"lazy\" decoding=\"async\" class=\"aligncenter\" src=\"https:\/\/www.analisissintactico.com\/ejemplos\/AnalisisSintactico\/OracionCompleja\/243.png\" alt=\"Rajoy Soluci\u00f3n 12\" width=\"828\" height=\"235\" \/><\/a>Es una oraci\u00f3n compleja pasiva refleja en la que tenemos una oraci\u00f3n subordinada adverbial condicional funcionando como C. Orac.<\/li>\n<li><a href=\"https:\/\/www.analisissintactico.com\/ejemplos\/AnalisisSintactico\/OracionCompleja\/244.png\"><img loading=\"lazy\" decoding=\"async\" class=\"aligncenter\" src=\"https:\/\/www.analisissintactico.com\/ejemplos\/AnalisisSintactico\/OracionCompleja\/244.png\" alt=\"Rajoy Soluci\u00f3n 13\" width=\"1226\" height=\"355\" \/><\/a>Tenemos una oraci\u00f3n compuesta por coordenaci\u00f3n adversativa. P1 es una oraci\u00f3n compleja donde el verbo transitivo preferir lleva un CD que es una prop. sub. sustantiva. P2 es otra oraci\u00f3n compleja similar a P1, en la que \u00abdecir\u00bb lleva un CD que es una prop. sub. sustantiva. Dentro de este CD tenemos adem\u00e1s, una condicional.<\/li>\n<li><a href=\"https:\/\/www.analisissintactico.com\/ejemplos\/AnalisisSintactico\/OracionCompuesta\/58.png\"><img loading=\"lazy\" decoding=\"async\" class=\"aligncenter\" src=\"https:\/\/www.analisissintactico.com\/ejemplos\/AnalisisSintactico\/OracionCompuesta\/58.png\" alt=\"Rajoy Soluci\u00f3n 14\" width=\"1028\" height=\"265\" \/><\/a>En un primer nivel tenemos una oraci\u00f3n compuesta por yuxtaposici\u00f3n. P1 es una oraci\u00f3n simple predicativa y P2 vuelve a ser otra oraci\u00f3n compuesta por coordinaci\u00f3n copulativa que une dos oraciones simples predicativas.<\/li>\n<\/ol>\n<p>Y eso ha sido todo por hoy, con ello despedimos la semana.<\/p>\n<p>\u00bfQu\u00e9 os ha parecido la pr\u00e1ctica? Esperamos vuestros comentarios.<\/p>\n<p>&nbsp;<\/p>\n<p>EDITADO: A\u00f1adimos dos frases m\u00e1s<\/p>\n<p>Somos sentimientos y tenemos seres humanos<\/p>\n<p><a href=\"https:\/\/www.analisissintactico.com\/blog\/wp-content\/uploads\/2016\/02\/Cb-CIweWwAEFJwf.png-large.png\"><img loading=\"lazy\" decoding=\"async\" class=\"aligncenter wp-image-2493 size-full\" src=\"https:\/\/www.analisissintactico.com\/blog\/wp-content\/uploads\/2016\/02\/Cb-CIweWwAEFJwf.png-large.png\" alt=\"Cb-CIweWwAEFJwf.png large\" width=\"552\" height=\"235\" srcset=\"https:\/\/www.analisissintactico.com\/blog\/wp-content\/uploads\/2016\/02\/Cb-CIweWwAEFJwf.png-large.png 552w, https:\/\/www.analisissintactico.com\/blog\/wp-content\/uploads\/2016\/02\/Cb-CIweWwAEFJwf.png-large-300x128.png 300w\" sizes=\"auto, (max-width: 552px) 100vw, 552px\" \/><\/a><\/p>\n<div>\n<p>Tenemos que fabricar m\u00e1quinas que nos permitan seguir fabricando m\u00e1quinas, porque lo que va a hacer nunca una m\u00e1quina es fabricar m\u00e1quinas.<\/p>\n<\/div>\n<div><a href=\"https:\/\/www.analisissintactico.com\/blog\/wp-content\/uploads\/2016\/02\/rajoy.png\"><img loading=\"lazy\" decoding=\"async\" class=\"aligncenter wp-image-2495 size-full\" src=\"https:\/\/www.analisissintactico.com\/blog\/wp-content\/uploads\/2016\/02\/rajoy.png\" alt=\"rajoy\" width=\"1664\" height=\"325\" srcset=\"https:\/\/www.analisissintactico.com\/blog\/wp-content\/uploads\/2016\/02\/rajoy.png 1664w, https:\/\/www.analisissintactico.com\/blog\/wp-content\/uploads\/2016\/02\/rajoy-300x59.png 300w, https:\/\/www.analisissintactico.com\/blog\/wp-content\/uploads\/2016\/02\/rajoy-768x150.png 768w, https:\/\/www.analisissintactico.com\/blog\/wp-content\/uploads\/2016\/02\/rajoy-1024x200.png 1024w\" sizes=\"auto, (max-width: 1664px) 100vw, 1664px\" \/><\/a><\/div>\n","protected":false},"excerpt":{"rendered":"<p>Siempre se ha dicho que Rajoy es muy buen parlamentario y que en sus intervenciones en el Congreso se mueve como pez en el agua. Sin embargo, fuera de \u00e9l, nos ha dejado una lista de frases dignas de enmarcar. Hoy seleccionamos 14 de ellas para analizarlas sint\u00e1cticamente y ver que, aunque la mayor\u00eda de&hellip;&nbsp;<a href=\"https:\/\/www.analisissintactico.com\/blog\/2016\/02\/la-sintaxis-de-rajoy\/\" rel=\"bookmark\">Leer m\u00e1s &raquo;<span class=\"screen-reader-text\">La Sintaxis de Rajoy<\/span><\/a><\/p>\n","protected":false},"author":1,"featured_media":2102,"comment_status":"open","ping_status":"open","sticky":false,"template":"","format":"standard","meta":{"neve_meta_sidebar":"","neve_meta_container":"","neve_meta_enable_content_width":"","neve_meta_content_width":0,"neve_meta_title_alignment":"","neve_meta_author_avatar":"","neve_post_elements_order":"","neve_meta_disable_header":"","neve_meta_disable_footer":"","neve_meta_disable_title":"","footnotes":""},"categories":[4],"tags":[71,17,16,10],"class_list":["post-2188","post","type-post","status-publish","format-standard","has-post-thumbnail","hentry","category-analisis-sintactico","tag-enunciado","tag-oracion-compleja","tag-oracion-compuesta","tag-soluciones"],"_links":{"self":[{"href":"https:\/\/www.analisissintactico.com\/blog\/wp-json\/wp\/v2\/posts\/2188","targetHints":{"allow":["GET"]}}],"collection":[{"href":"https:\/\/www.analisissintactico.com\/blog\/wp-json\/wp\/v2\/posts"}],"about":[{"href":"https:\/\/www.analisissintactico.com\/blog\/wp-json\/wp\/v2\/types\/post"}],"author":[{"embeddable":true,"href":"https:\/\/www.analisissintactico.com\/blog\/wp-json\/wp\/v2\/users\/1"}],"replies":[{"embeddable":true,"href":"https:\/\/www.analisissintactico.com\/blog\/wp-json\/wp\/v2\/comments?post=2188"}],"version-history":[{"count":0,"href":"https:\/\/www.analisissintactico.com\/blog\/wp-json\/wp\/v2\/posts\/2188\/revisions"}],"wp:featuredmedia":[{"embeddable":true,"href":"https:\/\/www.analisissintactico.com\/blog\/wp-json\/wp\/v2\/media\/2102"}],"wp:attachment":[{"href":"https:\/\/www.analisissintactico.com\/blog\/wp-json\/wp\/v2\/media?parent=2188"}],"wp:term":[{"taxonomy":"category","embeddable":true,"href":"https:\/\/www.analisissintactico.com\/blog\/wp-json\/wp\/v2\/categories?post=2188"},{"taxonomy":"post_tag","embeddable":true,"href":"https:\/\/www.analisissintactico.com\/blog\/wp-json\/wp\/v2\/tags?post=2188"}],"curies":[{"name":"wp","href":"https:\/\/api.w.org\/{rel}","templated":true}]}}