{"id":1730,"date":"2015-07-24T08:15:55","date_gmt":"2015-07-24T06:15:55","guid":{"rendered":"https:\/\/www.analisissintactico.com\/blog\/?p=1730"},"modified":"2015-07-27T09:24:18","modified_gmt":"2015-07-27T07:24:18","slug":"analisis-de-oraciones-coordinadas-y-yuxtapuestas","status":"publish","type":"post","link":"https:\/\/www.analisissintactico.com\/blog\/2015\/07\/analisis-de-oraciones-coordinadas-y-yuxtapuestas\/","title":{"rendered":"An\u00e1lisis de oraciones coordinadas y yuxtapuestas"},"content":{"rendered":"<p>En esta nueva publicaci\u00f3n, vamos a ver el \u201cpaso a paso\u201d de c\u00f3mo analizar una oraci\u00f3n compuesta. Una vez que hemos estudiado que la oraci\u00f3n compuesta est\u00e1 formada por dos o m\u00e1s proposiciones independientes, veremos que es muy sencillo el an\u00e1lisis sint\u00e1ctico de este tipo de oraciones.<\/p>\n<p>M\u00e1s adelante comprobaremos que la dificultad\u00a0de estas oraciones puede variar, ya que podremos encontrar unas proposiciones dentro de otras. Por ello, es importante que nos acostumbremos a seguir siempre los mismos pasos y as\u00ed seguro que no tendremos ning\u00fan problema.<\/p>\n<p><a href=\"https:\/\/www.analisissintactico.com\/blog\/wp-content\/uploads\/2015\/07\/pasos1.png\"><img loading=\"lazy\" decoding=\"async\" class=\"aligncenter size-medium wp-image-1746\" src=\"https:\/\/www.analisissintactico.com\/blog\/wp-content\/uploads\/2015\/07\/pasos1-300x97.png\" alt=\"Primer paso: Leer y entender\" width=\"300\" height=\"97\" srcset=\"https:\/\/www.analisissintactico.com\/blog\/wp-content\/uploads\/2015\/07\/pasos1-300x97.png 300w, https:\/\/www.analisissintactico.com\/blog\/wp-content\/uploads\/2015\/07\/pasos1-1024x331.png 1024w\" sizes=\"auto, (max-width: 300px) 100vw, 300px\" \/><\/a><\/p>\n<p>Ya sabemos, a estas alturas del curso, que la sem\u00e1ntica (el significado de las oraciones) es imprescindible para el an\u00e1lisis sint\u00e1ctico. En el caso de las oraciones compuestas por coordinaci\u00f3n y yuxtaposici\u00f3n, el significado cobra mayor\u00a0importancia cuando se unen m\u00e1s de dos proposiciones en la misma oraci\u00f3n.<\/p>\n<p><a href=\"https:\/\/www.analisissintactico.com\/blog\/wp-content\/uploads\/2015\/07\/pasos2.png\"><img loading=\"lazy\" decoding=\"async\" class=\"aligncenter size-medium wp-image-1747\" src=\"https:\/\/www.analisissintactico.com\/blog\/wp-content\/uploads\/2015\/07\/pasos2-300x97.png\" alt=\"SEGUNDO PASO: Localizar los verbos\" width=\"300\" height=\"97\" srcset=\"https:\/\/www.analisissintactico.com\/blog\/wp-content\/uploads\/2015\/07\/pasos2-300x97.png 300w, https:\/\/www.analisissintactico.com\/blog\/wp-content\/uploads\/2015\/07\/pasos2-1024x331.png 1024w\" sizes=\"auto, (max-width: 300px) 100vw, 300px\" \/><\/a><\/p>\n<p>Como ya hemos repetido en varias ocasiones, la oraci\u00f3n compuesta est\u00e1 formada por dos o m\u00e1s proposiciones u oraciones independientes. Por ello, en primer lugar debemos localizar todos los verbos que haya, para determinar el n\u00famero de proposiciones que forman la oraci\u00f3n. Veamos el siguiente ejemplo:<\/p>\n<p><em><span style=\"color: #ff0000;\">Pod\u00e9is tomar<\/span> un s\u00e1ndwich y <span style=\"color: #ff0000;\">pod\u00e9is probar<\/span> el batido de fresa; la empanada la <span style=\"color: #ff0000;\">reservaremos<\/span> para esta noche.<\/em> &gt; En esta oraci\u00f3n hemos localizado tres verbos, lo que nos indica que va a estar formada por tres proposiciones.<\/p>\n<p><a href=\"https:\/\/www.analisissintactico.com\/blog\/wp-content\/uploads\/2015\/07\/pasos3.png\"><img loading=\"lazy\" decoding=\"async\" class=\"aligncenter size-medium wp-image-1748\" src=\"https:\/\/www.analisissintactico.com\/blog\/wp-content\/uploads\/2015\/07\/pasos3-300x98.png\" alt=\"TERCER PASO: Buscar los elementos de uni\u00f3n entre proposiciones\" width=\"300\" height=\"98\" srcset=\"https:\/\/www.analisissintactico.com\/blog\/wp-content\/uploads\/2015\/07\/pasos3-300x98.png 300w, https:\/\/www.analisissintactico.com\/blog\/wp-content\/uploads\/2015\/07\/pasos3-1024x335.png 1024w\" sizes=\"auto, (max-width: 300px) 100vw, 300px\" \/><\/a><\/p>\n<p>Seg\u00fan la existencia o no de nexos en la oraci\u00f3n compuesta, determinaremos la relaci\u00f3n de coordinaci\u00f3n o yuxtaposici\u00f3n, tal y como hemos explicado en los temas anteriores. Veamos otra vez el ejemplo anterior:<\/p>\n<p><em><span style=\"color: #000000;\">Pod\u00e9is tomar<\/span> un s\u00e1ndwich <span style=\"color: #ff0000;\">y<\/span> <span style=\"color: #000000;\">pod\u00e9is probar <\/span>el batido de fresa<span style=\"color: #ff0000;\">;<\/span> la empanada la <span style=\"color: #000000;\">reservaremos <\/span>para esta noche.<\/em> &gt; En este ejemplo localizamos solo la presencia del nexo \u00aby\u00bb entre las dos primeras proposiciones, luego su relaci\u00f3n es de coordinaci\u00f3n; en cambio, la \u00faltima proposici\u00f3n se separa de las anteriores por medio de un signo de puntuaci\u00f3n (\u00abpunto y coma\u00bb), luego la relaci\u00f3n que se establece con ellas es de yuxtaposici\u00f3n.<\/p>\n<p><a href=\"https:\/\/www.analisissintactico.com\/blog\/wp-content\/uploads\/2015\/07\/pasos4.png\"><img loading=\"lazy\" decoding=\"async\" class=\"aligncenter size-medium wp-image-1749\" src=\"https:\/\/www.analisissintactico.com\/blog\/wp-content\/uploads\/2015\/07\/pasos4-300x136.png\" alt=\"CUARTO PASO: Establecer la estructura sint\u00e1ctica de la oraci\u00f3n compuesta\" width=\"300\" height=\"136\" srcset=\"https:\/\/www.analisissintactico.com\/blog\/wp-content\/uploads\/2015\/07\/pasos4-300x136.png 300w, https:\/\/www.analisissintactico.com\/blog\/wp-content\/uploads\/2015\/07\/pasos4-1024x464.png 1024w\" sizes=\"auto, (max-width: 300px) 100vw, 300px\" \/><\/a><\/p>\n<p>Este es el paso principal en el\u00a0an\u00e1lisis sint\u00e1ctico de este tipo de oraciones:<\/p>\n<ul>\n<li>Para empezar, analizaremos el primer nivel oracional, donde indicaremos que se trata de una oraci\u00f3n compuesta (coordinada o yuxtapuesta). En el caso de que se trate de una oraci\u00f3n compuesta por coordinaci\u00f3n, especificaremos el tipo concreto, en funci\u00f3n del nexo.<\/li>\n<li>A continuaci\u00f3n, debemos delimitar las distintas proposiciones que forman la oraci\u00f3n compuesta. Estas, puesto que pertenecen a la misma jerarqu\u00eda, se enumeran seg\u00fan su orden de aparici\u00f3n (de izquierda a derecha), como P1 (proposici\u00f3n 1), P2, P3, etc.<\/li>\n<li>En caso de que aparezca alg\u00fan v\u00ednculo\u00a0de uni\u00f3n entre las proposiciones, este queda fuera de ellas y le asignamos su funci\u00f3n correspondiente (NEXO).<\/li>\n<\/ul>\n<p>Veamos c\u00f3mo quedar\u00eda hasta aqu\u00ed el an\u00e1lisis de la misma oraci\u00f3n usada en los pasos anteriores (la he simplificado, para que de momento trabajemos solo con oraciones de dos proposiciones):<\/p>\n<p><a href=\"https:\/\/www.analisissintactico.com\/blog\/wp-content\/uploads\/2015\/07\/analisiscompuesta1.jpg\"><img loading=\"lazy\" decoding=\"async\" class=\"aligncenter wp-image-1751 size-full\" src=\"https:\/\/www.analisissintactico.com\/blog\/wp-content\/uploads\/2015\/07\/analisiscompuesta1.jpg\" alt=\"\" width=\"706\" height=\"145\" srcset=\"https:\/\/www.analisissintactico.com\/blog\/wp-content\/uploads\/2015\/07\/analisiscompuesta1.jpg 706w, https:\/\/www.analisissintactico.com\/blog\/wp-content\/uploads\/2015\/07\/analisiscompuesta1-300x62.jpg 300w\" sizes=\"auto, (max-width: 706px) 100vw, 706px\" \/><\/a><\/p>\n<p>&nbsp;<\/p>\n<p>Vamos a complicar un poquito m\u00e1s la estructura de estas oraciones. Cuando la\u00a0oraci\u00f3n compuesta contenga m\u00e1s de dos proposiciones, ser\u00e1 la sem\u00e1ntica la que nos ayude a determinar la relaci\u00f3n existente entre ellas.<\/p>\n<p>Podemos encontrarnos con casos sencillos como el siguiente, donde la relaci\u00f3n sem\u00e1ntica entre las proposiciones sea la misma (normalmente las proposiciones pertenecen a la misma clase):<\/p>\n<p><a href=\"https:\/\/www.analisissintactico.com\/blog\/wp-content\/uploads\/2015\/07\/analisiscompuesta2.png\"><img loading=\"lazy\" decoding=\"async\" class=\"aligncenter size-full wp-image-1752\" src=\"https:\/\/www.analisissintactico.com\/blog\/wp-content\/uploads\/2015\/07\/analisiscompuesta2.png\" alt=\"\" width=\"796\" height=\"145\" srcset=\"https:\/\/www.analisissintactico.com\/blog\/wp-content\/uploads\/2015\/07\/analisiscompuesta2.png 796w, https:\/\/www.analisissintactico.com\/blog\/wp-content\/uploads\/2015\/07\/analisiscompuesta2-300x55.png 300w\" sizes=\"auto, (max-width: 796px) 100vw, 796px\" \/><\/a><\/p>\n<p>&nbsp;<\/p>\n<p>En otras\u00a0oraciones compuestas, como la del ejemplo que venimos usando hasta ahora, se establece una relaci\u00f3n sem\u00e1ntica distinta entre sus proposiciones. Veamos c\u00f3mo queda en este caso su an\u00e1lisis:<\/p>\n<p><a href=\"https:\/\/www.analisissintactico.com\/blog\/wp-content\/uploads\/2015\/07\/analisiscompuesta3.png\"><img loading=\"lazy\" decoding=\"async\" class=\"aligncenter size-full wp-image-1753\" src=\"https:\/\/www.analisissintactico.com\/blog\/wp-content\/uploads\/2015\/07\/analisiscompuesta3.png\" alt=\"\" width=\"1244\" height=\"175\" srcset=\"https:\/\/www.analisissintactico.com\/blog\/wp-content\/uploads\/2015\/07\/analisiscompuesta3.png 1244w, https:\/\/www.analisissintactico.com\/blog\/wp-content\/uploads\/2015\/07\/analisiscompuesta3-300x42.png 300w, https:\/\/www.analisissintactico.com\/blog\/wp-content\/uploads\/2015\/07\/analisiscompuesta3-1024x144.png 1024w\" sizes=\"auto, (max-width: 1244px) 100vw, 1244px\" \/><\/a><\/p>\n<p>Como vemos en el an\u00e1lisis, la primera y segunda proposici\u00f3n suman su significado y forman una unidad (oraci\u00f3n compuesta), que se relaciona mediante yuxtaposici\u00f3n con la tercera proposici\u00f3n (oraci\u00f3n simple).<\/p>\n<p><a href=\"https:\/\/www.analisissintactico.com\/blog\/wp-content\/uploads\/2015\/07\/pasos5.png\"><img loading=\"lazy\" decoding=\"async\" class=\"aligncenter wp-image-1745 size-medium\" src=\"https:\/\/www.analisissintactico.com\/blog\/wp-content\/uploads\/2015\/07\/pasos5-300x97.png\" alt=\"QUINTO PASO: Analizar cada proposici\u00f3n\" width=\"300\" height=\"97\" srcset=\"https:\/\/www.analisissintactico.com\/blog\/wp-content\/uploads\/2015\/07\/pasos5-300x97.png 300w, https:\/\/www.analisissintactico.com\/blog\/wp-content\/uploads\/2015\/07\/pasos5-1024x333.png 1024w\" sizes=\"auto, (max-width: 300px) 100vw, 300px\" \/><\/a><\/p>\n<p>Una vez que hemos establecido la estructura general de la oraci\u00f3n compuesta y hemos delimitado sus distintas proposiciones, ya solo queda analizarlas de forma independiente.<\/p>\n<p>Cada una de las proposiciones debe tener su respectivo predicado y, salvo que la oraci\u00f3n sea impersonal, tambi\u00e9n su respectivo sujeto. Localizaremos en primer lugar ambos componentes y terminaremos de realizar el an\u00e1lisis sint\u00e1ctico, tal y como hemos explicado en los temas dedicados a la <a href=\"https:\/\/www.analisissintactico.com\/blog\/2015\/02\/pasos-y-consejos-para-analizar-una-oracion-simple\/\">oraci\u00f3n simple<\/a>.<\/p>\n<p>Veamos, por \u00faltimo, c\u00f3mo quedar\u00eda el an\u00e1lisis completo del ejemplo usado hasta ahora:<\/p>\n<p><a href=\"https:\/\/www.analisissintactico.com\/blog\/wp-content\/uploads\/2015\/07\/analisiscompuesta4.png\"><img loading=\"lazy\" decoding=\"async\" class=\"aligncenter size-full wp-image-1750\" src=\"https:\/\/www.analisissintactico.com\/blog\/wp-content\/uploads\/2015\/07\/analisiscompuesta4.png\" alt=\"\" width=\"1244\" height=\"325\" srcset=\"https:\/\/www.analisissintactico.com\/blog\/wp-content\/uploads\/2015\/07\/analisiscompuesta4.png 1244w, https:\/\/www.analisissintactico.com\/blog\/wp-content\/uploads\/2015\/07\/analisiscompuesta4-300x78.png 300w, https:\/\/www.analisissintactico.com\/blog\/wp-content\/uploads\/2015\/07\/analisiscompuesta4-1024x268.png 1024w\" sizes=\"auto, (max-width: 1244px) 100vw, 1244px\" \/><\/a><\/p>\n<p>&nbsp;<\/p>\n<p>Pues hasta aqu\u00ed llega el tema de hoy. Espero que haya resultado claro y entretenido. No olvid\u00e9is seguir siempre estos pasos a la hora de analizar este tipo de oraciones; \u00a1seguro que as\u00ed no fallar\u00e9is! En el pr\u00f3ximo <em>post<\/em> os sugeriremos unos cuantos <a href=\"https:\/\/www.analisissintactico.com\/blog\/2015\/07\/propuesta-de-ejercicios-de-oraciones-compuestas-coordinadas-y-yuxtapuestas\/\">ejercicios<\/a>, para que practiqu\u00e9is lo suficiente estos conceptos antes de introducirnos en la oraci\u00f3n compleja. \u00a1Os esperamos!<\/p>\n","protected":false},"excerpt":{"rendered":"<p>En esta nueva publicaci\u00f3n, vamos a ver el \u201cpaso a paso\u201d de c\u00f3mo analizar una oraci\u00f3n compuesta. Una vez que hemos estudiado que la oraci\u00f3n compuesta est\u00e1 formada por dos o m\u00e1s proposiciones independientes, veremos que es muy sencillo el an\u00e1lisis sint\u00e1ctico de este tipo de oraciones. M\u00e1s adelante comprobaremos que la dificultad\u00a0de estas oraciones&hellip;&nbsp;<a href=\"https:\/\/www.analisissintactico.com\/blog\/2015\/07\/analisis-de-oraciones-coordinadas-y-yuxtapuestas\/\" rel=\"bookmark\">Leer m\u00e1s &raquo;<span class=\"screen-reader-text\">An\u00e1lisis de oraciones coordinadas y yuxtapuestas<\/span><\/a><\/p>\n","protected":false},"author":2,"featured_media":1746,"comment_status":"open","ping_status":"open","sticky":false,"template":"","format":"standard","meta":{"neve_meta_sidebar":"","neve_meta_container":"","neve_meta_enable_content_width":"","neve_meta_content_width":0,"neve_meta_title_alignment":"","neve_meta_author_avatar":"","neve_post_elements_order":"","neve_meta_disable_header":"","neve_meta_disable_footer":"","neve_meta_disable_title":"","footnotes":""},"categories":[85],"tags":[7,16],"class_list":["post-1730","post","type-post","status-publish","format-standard","has-post-thumbnail","hentry","category-curso-sintaxis","tag-analisis","tag-oracion-compuesta"],"_links":{"self":[{"href":"https:\/\/www.analisissintactico.com\/blog\/wp-json\/wp\/v2\/posts\/1730","targetHints":{"allow":["GET"]}}],"collection":[{"href":"https:\/\/www.analisissintactico.com\/blog\/wp-json\/wp\/v2\/posts"}],"about":[{"href":"https:\/\/www.analisissintactico.com\/blog\/wp-json\/wp\/v2\/types\/post"}],"author":[{"embeddable":true,"href":"https:\/\/www.analisissintactico.com\/blog\/wp-json\/wp\/v2\/users\/2"}],"replies":[{"embeddable":true,"href":"https:\/\/www.analisissintactico.com\/blog\/wp-json\/wp\/v2\/comments?post=1730"}],"version-history":[{"count":0,"href":"https:\/\/www.analisissintactico.com\/blog\/wp-json\/wp\/v2\/posts\/1730\/revisions"}],"wp:featuredmedia":[{"embeddable":true,"href":"https:\/\/www.analisissintactico.com\/blog\/wp-json\/wp\/v2\/media\/1746"}],"wp:attachment":[{"href":"https:\/\/www.analisissintactico.com\/blog\/wp-json\/wp\/v2\/media?parent=1730"}],"wp:term":[{"taxonomy":"category","embeddable":true,"href":"https:\/\/www.analisissintactico.com\/blog\/wp-json\/wp\/v2\/categories?post=1730"},{"taxonomy":"post_tag","embeddable":true,"href":"https:\/\/www.analisissintactico.com\/blog\/wp-json\/wp\/v2\/tags?post=1730"}],"curies":[{"name":"wp","href":"https:\/\/api.w.org\/{rel}","templated":true}]}}