{"id":1218,"date":"2015-02-05T21:38:52","date_gmt":"2015-02-05T20:38:52","guid":{"rendered":"https:\/\/www.analisissintactico.com\/blog\/?p=1218"},"modified":"2015-02-12T08:16:56","modified_gmt":"2015-02-12T07:16:56","slug":"pasos-y-consejos-para-analizar-una-oracion-simple","status":"publish","type":"post","link":"https:\/\/www.analisissintactico.com\/blog\/2015\/02\/pasos-y-consejos-para-analizar-una-oracion-simple\/","title":{"rendered":"Pasos y consejos para analizar una Oraci\u00f3n Simple"},"content":{"rendered":"<h3><strong>\u00bfC\u00f3mo analizar una oraci\u00f3n simple?<\/strong><\/h3>\n<p>En esta nueva publicaci\u00f3n, vamos a ver el \u00abpaso a paso\u00bb de c\u00f3mo analizar una oraci\u00f3n simple; esto nos resultar\u00e1 ahora m\u00e1s sencillo, despu\u00e9s de haber estudiado todos sus componentes. Lo m\u00e1s importante de este tema es que, por f\u00e1cil que nos parezca una oraci\u00f3n, sigamos siempre el mismo orden a la hora de analizarla y que nunca nos saltemos ning\u00fan paso.<\/p>\n<p><a href=\"https:\/\/www.analisissintactico.com\/blog\/wp-content\/uploads\/2015\/02\/primerpaso.png\"><img loading=\"lazy\" decoding=\"async\" class=\"aligncenter wp-image-1238\" src=\"https:\/\/www.analisissintactico.com\/blog\/wp-content\/uploads\/2015\/02\/primerpaso-300x93.png\" alt=\"Primer paso en an\u00e1lisis de oraciones\" width=\"450\" height=\"139\" srcset=\"https:\/\/www.analisissintactico.com\/blog\/wp-content\/uploads\/2015\/02\/primerpaso-300x93.png 300w, https:\/\/www.analisissintactico.com\/blog\/wp-content\/uploads\/2015\/02\/primerpaso.png 1019w\" sizes=\"auto, (max-width: 450px) 100vw, 450px\" \/><\/a><\/p>\n<p>En varias ocasiones a lo largo de este curso, he se\u00f1alado la importancia que la sem\u00e1ntica tiene para el an\u00e1lisis sint\u00e1ctico. Por ello, el primer paso imprescindible antes de comenzar a analizar una oraci\u00f3n es que la leamos atentamente un par de veces, hasta que hayamos comprendido perfectamente su sentido.<\/p>\n<p><a href=\"https:\/\/www.analisissintactico.com\/blog\/wp-content\/uploads\/2015\/02\/segundopaso.png\"><img loading=\"lazy\" decoding=\"async\" class=\"aligncenter wp-image-1240\" src=\"https:\/\/www.analisissintactico.com\/blog\/wp-content\/uploads\/2015\/02\/segundopaso-300x94.png\" alt=\"Segundo paso para analizar oraciones\" width=\"450\" height=\"140\" srcset=\"https:\/\/www.analisissintactico.com\/blog\/wp-content\/uploads\/2015\/02\/segundopaso-300x94.png 300w, https:\/\/www.analisissintactico.com\/blog\/wp-content\/uploads\/2015\/02\/segundopaso.png 1022w\" sizes=\"auto, (max-width: 450px) 100vw, 450px\" \/><\/a><\/p>\n<p>El \u00fanico elemento imprescindible en una oraci\u00f3n es el verbo; si no hay verbo, no hay oraci\u00f3n. Como ya se ha explicado, el verbo es el n\u00facleo del predicado de la oraci\u00f3n; de \u00e9l dependen tanto el sujeto, como el resto de elementos que lo complementan.<\/p>\n<p><span style=\"color: #ff0000;\"><span style=\"color: #000000;\">Ejemplo:<\/span> <em><span style=\"color: #000000;\">El viernes <strong><span style=\"color: #ff0000;\">volver\u00e9<\/span><\/strong> a la consulta.<\/span><\/em><\/span><\/p>\n<p><a href=\"https:\/\/www.analisissintactico.com\/blog\/wp-content\/uploads\/2015\/02\/tercerpaso.jpg\"><img loading=\"lazy\" decoding=\"async\" class=\"aligncenter wp-image-1236\" src=\"https:\/\/www.analisissintactico.com\/blog\/wp-content\/uploads\/2015\/02\/tercerpaso-300x93.jpg\" alt=\"Tercer paso para analizar oraciones\" width=\"450\" height=\"140\" srcset=\"https:\/\/www.analisissintactico.com\/blog\/wp-content\/uploads\/2015\/02\/tercerpaso-300x93.jpg 300w, https:\/\/www.analisissintactico.com\/blog\/wp-content\/uploads\/2015\/02\/tercerpaso.jpg 1023w\" sizes=\"auto, (max-width: 450px) 100vw, 450px\" \/><\/a><\/p>\n<p>Para localizar el sujeto de una oraci\u00f3n, olvidaos de hacer lo que hab\u00e9is le\u00eddo hasta ahora en muchos libros de texto o manuales de sintaxis: <strong>no debemos preguntar nada al verbo<\/strong> (el verbo nunca os va a contestar).<\/p>\n<p>La \u00fanica manera fiable de localizar el sujeto de una oraci\u00f3n es fijarnos en el elemento que concuerde en n\u00famero (singular o plural) y persona (primera, segunda o tercera) con el verbo. De esta manera, tengamos el tipo de sujeto que tengamos (expl\u00edcito, omitido, agente o paciente), siempre daremos con \u00e9l.<\/p>\n<p><span style=\"color: #ff0000;\"><span style=\"color: #000000;\">Ejemplo 1: <em>No me gustan nada <strong><span style=\"color: #ff0000;\">estas palomitas<\/span><\/strong>. <\/em>&#8211; En este caso, sabemos que \u00abestas palomitas\u00bb es el sujeto, porque concuerda en 3\u00aa persona del plural con el verbo \u00abgustan\u00bb.<br \/>\n<\/span><\/span><\/p>\n<p><span style=\"color: #ff0000;\"><span style=\"color: #000000;\">Ejemplo 2: <em>No han terminado a\u00fan el examen<\/em>. &#8211; En este caso, aunque el sujeto no aparece (est\u00e1 omitido o el\u00edptico), tambi\u00e9n lo podemos deducir a partir del verbo; este est\u00e1 conjugado en 3\u00aa persona del plural, as\u00ed que sabemos que el sujeto omitido es <strong><em><span style=\"color: #ff0000;\">ellos<\/span><\/em><\/strong> o <strong><em><span style=\"color: #ff0000;\">ellas<\/span><\/em><\/strong>.<\/span><\/span><\/p>\n<p>Tambi\u00e9n podemos encontrarnos con un caso m\u00e1s, que ser\u00e1 explicado en el siguiente bloque de contenidos: las oraciones impersonales. Existen algunas oraciones, denominadas <em>unimembres<\/em>, que solo contienen uno de los dos componentes oracionales: el predicado. En funci\u00f3n de su sem\u00e1ntica y su construcci\u00f3n sint\u00e1ctica, hay varios tipos de oraciones impersonales que, como he dicho, se explicar\u00e1n m\u00e1s adelante.<\/p>\n<p>Ejemplo: <em>Hay mucha gente en el banco. \/ Hoy ha nevado bastante.<\/em><\/p>\n<p>Solo me queda recordaros una cosa m\u00e1s, antes de dar por finalizado este tercer paso. <strong>No confund\u00e1is nunca un vocativo con el sujeto de la oraci\u00f3n<\/strong>. Recordad que el <a title=\"Vocativo\" href=\"https:\/\/www.analisissintactico.com\/blog\/2014\/01\/componentes-basicos-sujeto-y-predicado-componentes-extraoracionales\/\">vocativo<\/a> es un complemento extraoracional cuya funci\u00f3n es la \u00abapelativa\u00bb, es decir, se usa en la comunicaci\u00f3n para llamar la atenci\u00f3n del receptor. Y ya vimos en su respectiva unidad que puede coincidir o no con el referente del sujeto, pero nunca debemos identificarlos.<\/p>\n<p><span style=\"color: #000000;\">Ejemplo:<\/span> <em>Clara, abre la puerta. <\/em>(Sujeto omitido: <strong><span style=\"color: #ff0000;\">t\u00fa<\/span><\/strong>)\/ <em><strong><span style=\"color: #ff0000;\">Clara<\/span><\/strong> abre la puerta.<\/em> &#8211; En la segunda oraci\u00f3n \u00abClara\u00bb s\u00ed es el sujeto de la oraci\u00f3n; en cambio, en la primera es el vocativo (se usa para dirigirse al receptor), pero el sujeto que concuerda con el verbo \u00ababre\u00bb es la 2\u00aa persona del singular que est\u00e1 omitida (\u00abt\u00fa\u00bb).<\/p>\n<p><a href=\"https:\/\/www.analisissintactico.com\/blog\/wp-content\/uploads\/2015\/02\/cuartopaso.png\"><img loading=\"lazy\" decoding=\"async\" class=\"aligncenter wp-image-1237\" src=\"https:\/\/www.analisissintactico.com\/blog\/wp-content\/uploads\/2015\/02\/cuartopaso-300x93.png\" alt=\"Cuarto paso para analizar oraciones\" width=\"450\" height=\"139\" srcset=\"https:\/\/www.analisissintactico.com\/blog\/wp-content\/uploads\/2015\/02\/cuartopaso-300x93.png 300w, https:\/\/www.analisissintactico.com\/blog\/wp-content\/uploads\/2015\/02\/cuartopaso.png 1021w\" sizes=\"auto, (max-width: 450px) 100vw, 450px\" \/><\/a><\/p>\n<p>Una vez que hayamos localizado correctamente el sujeto de la oraci\u00f3n, ya podremos delimitar el Predicado. Recordemos que esta es la funci\u00f3n que realiza el SV (sintagma verbal), formado por el verbo y todos los elementos que lo complementan.<\/p>\n<p><span style=\"color: #000000;\">Ejemplo:<\/span><em><span style=\"color: #ff0000;\"><strong> El mi\u00e9rcoles por la ma\u00f1ana<\/strong><\/span><span style=\"color: #000000;\">, los alumnos de tercero <\/span><strong><span style=\"color: #ff0000;\">se ir\u00e1n de excursi\u00f3n a la monta\u00f1a.<\/span><\/strong><\/em><\/p>\n<p><a href=\"https:\/\/www.analisissintactico.com\/blog\/wp-content\/uploads\/2015\/02\/quintopaso.png\"><img loading=\"lazy\" decoding=\"async\" class=\"aligncenter wp-image-1239\" src=\"https:\/\/www.analisissintactico.com\/blog\/wp-content\/uploads\/2015\/02\/quintopaso-300x94.png\" alt=\"Quinto paso para analizar oraciones\" width=\"450\" height=\"142\" srcset=\"https:\/\/www.analisissintactico.com\/blog\/wp-content\/uploads\/2015\/02\/quintopaso-300x94.png 300w, https:\/\/www.analisissintactico.com\/blog\/wp-content\/uploads\/2015\/02\/quintopaso.png 1020w\" sizes=\"auto, (max-width: 450px) 100vw, 450px\" \/><\/a><\/p>\n<p>Si recordamos lo estudiado sobre el sujeto, sabemos que este es siempre un SN que puede estar compuesto por una sola palabra (un nombre o pronombre) o por un grupo de palabras.<\/p>\n<p><span style=\"color: #000000;\">Ejemplo 1<\/span>: <em><strong><span style=\"color: #ff0000;\">Andrea<\/span><\/strong> ha llegado tarde al partido de f\u00fatbol<\/em>. &#8211; En este caso, el SN-Suj es \u00abAndrea\u00bb y est\u00e1 compuesto \u00fanicamente por su n\u00facleo.<\/p>\n<p><span style=\"color: #000000;\">Ejemplo 2:<\/span> <em><strong><span style=\"color: #ff0000;\">La hermana de Laura, Berta<\/span><\/strong>, est\u00e1 trabajando en el extranjero<\/em>. &#8211; En este otro caso, tenemos un SN-Suj que contiene todos los elementos posibles:<\/p>\n<p><a href=\"https:\/\/www.analisissintactico.com\/blog\/wp-content\/uploads\/2015\/02\/SN.jpg\"><img loading=\"lazy\" decoding=\"async\" class=\" wp-image-1227 aligncenter\" src=\"https:\/\/www.analisissintactico.com\/blog\/wp-content\/uploads\/2015\/02\/SN-300x154.jpg\" alt=\"SN\" width=\"245\" height=\"126\" srcset=\"https:\/\/www.analisissintactico.com\/blog\/wp-content\/uploads\/2015\/02\/SN-300x154.jpg 300w, https:\/\/www.analisissintactico.com\/blog\/wp-content\/uploads\/2015\/02\/SN.jpg 341w\" sizes=\"auto, (max-width: 245px) 100vw, 245px\" \/><\/a><\/p>\n<p>&nbsp;<\/p>\n<p><a href=\"https:\/\/www.analisissintactico.com\/blog\/wp-content\/uploads\/2015\/02\/sextopaso.png\"><img loading=\"lazy\" decoding=\"async\" class=\"aligncenter wp-image-1242\" src=\"https:\/\/www.analisissintactico.com\/blog\/wp-content\/uploads\/2015\/02\/sextopaso-300x95.png\" alt=\"Sexto paso para analizar oraciones\" width=\"450\" height=\"143\" srcset=\"https:\/\/www.analisissintactico.com\/blog\/wp-content\/uploads\/2015\/02\/sextopaso-300x95.png 300w, https:\/\/www.analisissintactico.com\/blog\/wp-content\/uploads\/2015\/02\/sextopaso.png 1021w\" sizes=\"auto, (max-width: 450px) 100vw, 450px\" \/><\/a><\/p>\n<p>Ahora llega el momento de pasar al predicado. Y lo primero que debemos hacer es comprobar ante qu\u00e9 <a title=\"Tipos de predicado\" href=\"https:\/\/www.analisissintactico.com\/blog\/2014\/02\/clases-de-predicados-pn-y-pv\/\">tipo de predicado<\/a> nos encontramos, ya que de esto depender\u00e1n los complementos que en \u00e9l aparezcan.<\/p>\n<p>Recordemos que el predicado puede ser de dos tipos: PN (predicado nominal), que es aquel que tiene como n\u00facleo un verbo copulativo o semicopulativo; o PV (predicado verbal), que es el que tiene como n\u00facleo un verbo predicativo.<\/p>\n<p><a href=\"https:\/\/www.analisissintactico.com\/blog\/wp-content\/uploads\/2015\/02\/septimopaso.png\"><img loading=\"lazy\" decoding=\"async\" class=\"aligncenter wp-image-1241\" src=\"https:\/\/www.analisissintactico.com\/blog\/wp-content\/uploads\/2015\/02\/septimopaso-300x95.png\" alt=\"S\u00e9ptimo paso para analizar oraciones\" width=\"450\" height=\"142\" srcset=\"https:\/\/www.analisissintactico.com\/blog\/wp-content\/uploads\/2015\/02\/septimopaso-300x95.png 300w, https:\/\/www.analisissintactico.com\/blog\/wp-content\/uploads\/2015\/02\/septimopaso-1024x324.png 1024w, https:\/\/www.analisissintactico.com\/blog\/wp-content\/uploads\/2015\/02\/septimopaso.png 1027w\" sizes=\"auto, (max-width: 450px) 100vw, 450px\" \/><\/a><\/p>\n<p>Cuando ya hemos determinado el tipo de predicado que tenemos en la oraci\u00f3n, lo primero que haremos es se\u00f1alar su n\u00facleo (N), que ser\u00e1 siempre el verbo. A partir de ah\u00ed, y teniendo muy en cuenta todo lo que hemos estudiado, podemos ir deduciendo ciertas informaciones que nos ayudar\u00e1n a localizar los complementos.<\/p>\n<ul>\n<li>Si nos encontramos en un PN, vamos a tener que localizar un complemento imprescindible de ese verbo, su <a title=\"Atributo\" href=\"https:\/\/www.analisissintactico.com\/blog\/2014\/07\/complementos-del-predicado-i-atributo-y-cd\/\">ATRIBUTO<\/a> (Atrib). Del mismo modo, descartaremos la posibilidad de tener en este predicado un CD, ya que es incompatible con el Atributo. En cambio, s\u00ed podremos encontrarnos otros complementos, como el CI o el CC.<\/li>\n<\/ul>\n<p><a href=\"https:\/\/www.analisissintactico.com\/blog\/wp-content\/uploads\/2015\/02\/orPN.png\"><img loading=\"lazy\" decoding=\"async\" class=\"aligncenter size-medium wp-image-1234\" src=\"https:\/\/www.analisissintactico.com\/blog\/wp-content\/uploads\/2015\/02\/orPN-300x115.png\" alt=\"Oraci\u00f3n copulativa\" width=\"300\" height=\"115\" srcset=\"https:\/\/www.analisissintactico.com\/blog\/wp-content\/uploads\/2015\/02\/orPN-300x115.png 300w, https:\/\/www.analisissintactico.com\/blog\/wp-content\/uploads\/2015\/02\/orPN.png 484w\" sizes=\"auto, (max-width: 300px) 100vw, 300px\" \/><\/a><\/p>\n<ul>\n<li>Si nos encontramos en un PV, sabremos ya que el complemento que no nos vamos a encontrar precisamente es el Atributo. Dependiendo de la sem\u00e1ntica del verbo y de la construcci\u00f3n sint\u00e1ctica de la oraci\u00f3n, en un PV podemos localizar, en principio, cualquier otro complemento: <a title=\"CD\" href=\"https:\/\/www.analisissintactico.com\/blog\/2014\/07\/complementos-del-predicado-i-atributo-y-cd\/\">CD<\/a>, <a title=\"CI y CC\" href=\"https:\/\/www.analisissintactico.com\/blog\/2014\/08\/complementos-del-predicado-ii-ci-y-cc\/\">CI, CC<\/a>, <a title=\"C. R\u00e9gimen, C. Agente y C Predicativo\" href=\"https:\/\/www.analisissintactico.com\/blog\/2014\/08\/complementos-del-predicado-iii-cpvo-creg-y-cag\/\">CR\u00e9g, CPvo y CAg<\/a>. A partir de este momento, tendremos que ir realizando las pruebas oportunas, para determinar qu\u00e9 complementos tenemos en el predicado.<a href=\"https:\/\/www.analisissintactico.com\/blog\/wp-content\/uploads\/2015\/02\/or2PV1.png\"><img loading=\"lazy\" decoding=\"async\" class=\"aligncenter  wp-image-1247\" src=\"https:\/\/www.analisissintactico.com\/blog\/wp-content\/uploads\/2015\/02\/or2PV1-300x115.png\" alt=\"Oraci\u00f3n Predicado Verbal\" width=\"339\" height=\"130\" srcset=\"https:\/\/www.analisissintactico.com\/blog\/wp-content\/uploads\/2015\/02\/or2PV1-300x115.png 300w, https:\/\/www.analisissintactico.com\/blog\/wp-content\/uploads\/2015\/02\/or2PV1.png 707w\" sizes=\"auto, (max-width: 339px) 100vw, 339px\" \/><\/a><\/li>\n<\/ul>\n<p>&nbsp;<\/p>\n<p>Pues hasta aqu\u00ed llega la lecci\u00f3n de hoy. Espero que con la ayuda de estos siete pasos y algunos consejos que hemos a\u00f1adido, el an\u00e1lisis de la oraci\u00f3n simple os resulte tan sencillo y entretenido como es en realidad. En la pr\u00f3xima publicaci\u00f3n, que ser\u00e1 la \u00faltima de este bloque, os sugeriremos algunas <a title=\"Propuesta de ejercicios de oraci\u00f3n simple\" href=\"https:\/\/www.analisissintactico.com\/blog\/2015\/02\/propuesta-de-ejercicios-de-oracion-simple\/\">actividades para reforzar<\/a> y repasar todos los contenidos que se han explicado hasta ahora en este Curso de Sintaxis de EdAS.<\/p>\n<p>&nbsp;<\/p>\n","protected":false},"excerpt":{"rendered":"<p>\u00bfC\u00f3mo analizar una oraci\u00f3n simple? En esta nueva publicaci\u00f3n, vamos a ver el \u00abpaso a paso\u00bb de c\u00f3mo analizar una oraci\u00f3n simple; esto nos resultar\u00e1 ahora m\u00e1s sencillo, despu\u00e9s de haber estudiado todos sus componentes. Lo m\u00e1s importante de este tema es que, por f\u00e1cil que nos parezca una oraci\u00f3n, sigamos siempre el mismo orden&hellip;&nbsp;<a href=\"https:\/\/www.analisissintactico.com\/blog\/2015\/02\/pasos-y-consejos-para-analizar-una-oracion-simple\/\" rel=\"bookmark\">Leer m\u00e1s &raquo;<span class=\"screen-reader-text\">Pasos y consejos para analizar una Oraci\u00f3n Simple<\/span><\/a><\/p>\n","protected":false},"author":2,"featured_media":1238,"comment_status":"open","ping_status":"open","sticky":false,"template":"","format":"standard","meta":{"neve_meta_sidebar":"","neve_meta_container":"","neve_meta_enable_content_width":"","neve_meta_content_width":0,"neve_meta_title_alignment":"","neve_meta_author_avatar":"","neve_post_elements_order":"","neve_meta_disable_header":"","neve_meta_disable_footer":"","neve_meta_disable_title":"","footnotes":""},"categories":[85],"tags":[173,9],"class_list":["post-1218","post","type-post","status-publish","format-standard","has-post-thumbnail","hentry","category-curso-sintaxis","tag-curso-de-sintaxis","tag-oracion-simple"],"_links":{"self":[{"href":"https:\/\/www.analisissintactico.com\/blog\/wp-json\/wp\/v2\/posts\/1218","targetHints":{"allow":["GET"]}}],"collection":[{"href":"https:\/\/www.analisissintactico.com\/blog\/wp-json\/wp\/v2\/posts"}],"about":[{"href":"https:\/\/www.analisissintactico.com\/blog\/wp-json\/wp\/v2\/types\/post"}],"author":[{"embeddable":true,"href":"https:\/\/www.analisissintactico.com\/blog\/wp-json\/wp\/v2\/users\/2"}],"replies":[{"embeddable":true,"href":"https:\/\/www.analisissintactico.com\/blog\/wp-json\/wp\/v2\/comments?post=1218"}],"version-history":[{"count":0,"href":"https:\/\/www.analisissintactico.com\/blog\/wp-json\/wp\/v2\/posts\/1218\/revisions"}],"wp:featuredmedia":[{"embeddable":true,"href":"https:\/\/www.analisissintactico.com\/blog\/wp-json\/wp\/v2\/media\/1238"}],"wp:attachment":[{"href":"https:\/\/www.analisissintactico.com\/blog\/wp-json\/wp\/v2\/media?parent=1218"}],"wp:term":[{"taxonomy":"category","embeddable":true,"href":"https:\/\/www.analisissintactico.com\/blog\/wp-json\/wp\/v2\/categories?post=1218"},{"taxonomy":"post_tag","embeddable":true,"href":"https:\/\/www.analisissintactico.com\/blog\/wp-json\/wp\/v2\/tags?post=1218"}],"curies":[{"name":"wp","href":"https:\/\/api.w.org\/{rel}","templated":true}]}}